{"id":2146,"date":"2019-12-28T23:47:19","date_gmt":"2019-12-28T23:47:19","guid":{"rendered":"https:\/\/blogsaverroes.juntadeandalucia.es\/vicentealeixandre\/?p=2146"},"modified":"2020-02-26T21:08:35","modified_gmt":"2020-02-26T21:08:35","slug":"2146","status":"publish","type":"post","link":"https:\/\/blogsaverroes.juntadeandalucia.es\/vicentealeixandre\/2019\/12\/28\/2146\/","title":{"rendered":"Radio Vicente Aleixandre"},"content":{"rendered":"<p><a href=\"https:\/\/blogsaverroes.juntadeandalucia.es\/vicentealeixandre\/files\/2019\/12\/2019_12_20-9_23-Cartel-Radio.jpg\"><img loading=\"lazy\" decoding=\"async\" class=\"alignnone size-medium wp-image-2142\" src=\"https:\/\/blogsaverroes.juntadeandalucia.es\/vicentealeixandre\/files\/2019\/12\/2019_12_20-9_23-Cartel-Radio-300x232.jpg\" alt=\"\" width=\"300\" height=\"232\"><\/a><\/p>\n<p><span style=\"float: none;background-color: #ffffff;color: #363636;font-family: 'ProximaNova','Helvetica Neue',Helvetica,Arial,sans-serif;font-size: 16px;font-style: normal;font-variant: normal;font-weight: 400;letter-spacing: normal;text-align: left;text-decoration: none;text-indent: 0px;text-transform: none\">Estrenamos<\/span><span style=\"float: none;background-color: #ffffff;color: #363636;font-family: 'ProximaNova','Helvetica Neue',Helvetica,Arial,sans-serif;font-size: 16px;font-style: normal;font-variant: normal;font-weight: 400;letter-spacing: normal;text-align: left;text-decoration: none;text-indent: 0px;text-transform: none\"> Radio<\/span><span style=\"float: none;background-color: #ffffff;color: #363636;font-family: 'ProximaNova','Helvetica Neue',Helvetica,Arial,sans-serif;font-size: 16px;font-style: normal;font-variant: normal;font-weight: 400;letter-spacing: normal;text-align: left;text-decoration: none;text-indent: 0px;text-transform: none\"> Escolar<\/span><span style=\"float: none;background-color: #ffffff;color: #363636;font-family: 'ProximaNova','Helvetica Neue',Helvetica,Arial,sans-serif;font-size: 16px;font-style: normal;font-variant: normal;font-weight: 400;letter-spacing: normal;text-align: left;text-decoration: none;text-indent: 0px;text-transform: none\"> en<\/span><span style=\"float: none;background-color: #ffffff;color: #363636;font-family: 'ProximaNova','Helvetica Neue',Helvetica,Arial,sans-serif;font-size: 16px;font-style: normal;font-variant: normal;font-weight: 400;letter-spacing: normal;text-align: left;text-decoration: none;text-indent: 0px;text-transform: none\"> nuestro<\/span><span style=\"float: none;background-color: #ffffff;color: #363636;font-family: 'ProximaNova','Helvetica Neue',Helvetica,Arial,sans-serif;font-size: 16px;font-style: normal;font-variant: normal;font-weight: 400;letter-spacing: normal;text-align: left;text-decoration: none;text-indent: 0px;text-transform: none\"> colegio<\/span><span style=\"float: none;background-color: #ffffff;color: #363636;font-family: 'ProximaNova','Helvetica Neue',Helvetica,Arial,sans-serif;font-size: 16px;font-style: normal;font-variant: normal;font-weight: 400;letter-spacing: normal;text-align: left;text-decoration: none;text-indent: 0px;text-transform: none\"> y<\/span><span style=\"float: none;background-color: #ffffff;color: #363636;font-family: 'ProximaNova','Helvetica Neue',Helvetica,Arial,sans-serif;font-size: 16px;font-style: normal;font-variant: normal;font-weight: 400;letter-spacing: normal;text-align: left;text-decoration: none;text-indent: 0px;text-transform: none\"> lo<\/span><span style=\"float: none;background-color: #ffffff;color: #363636;font-family: 'ProximaNova','Helvetica Neue',Helvetica,Arial,sans-serif;font-size: 16px;font-style: normal;font-variant: normal;font-weight: 400;letter-spacing: normal;text-align: left;text-decoration: none;text-indent: 0px;text-transform: none\"> hacemos<\/span><span style=\"float: none;background-color: #ffffff;color: #363636;font-family: 'ProximaNova','Helvetica Neue',Helvetica,Arial,sans-serif;font-size: 16px;font-style: normal;font-variant: normal;font-weight: 400;letter-spacing: normal;text-align: left;text-decoration: none;text-indent: 0px;text-transform: none\"> con<\/span><span style=\"float: none;background-color: #ffffff;color: #363636;font-family: 'ProximaNova','Helvetica Neue',Helvetica,Arial,sans-serif;font-size: 16px;font-style: normal;font-variant: normal;font-weight: 400;letter-spacing: normal;text-align: left;text-decoration: none;text-indent: 0px;text-transform: none\"> el<\/span><span style=\"float: none;background-color: #ffffff;color: #363636;font-family: 'ProximaNova','Helvetica Neue',Helvetica,Arial,sans-serif;font-size: 16px;font-style: normal;font-variant: normal;font-weight: 400;letter-spacing: normal;text-align: left;text-decoration: none;text-indent: 0px;text-transform: none\"> Especial<\/span><span style=\"float: none;background-color: #ffffff;color: #363636;font-family: 'ProximaNova','Helvetica Neue',Helvetica,Arial,sans-serif;font-size: 16px;font-style: normal;font-variant: normal;font-weight: 400;letter-spacing: normal;text-align: left;text-decoration: none;text-indent: 0px;text-transform: none\"> Navidad<\/span><span style=\"float: none;background-color: #ffffff;color: #363636;font-family: 'ProximaNova','Helvetica Neue',Helvetica,Arial,sans-serif;font-size: 16px;font-style: normal;font-variant: normal;font-weight: 400;letter-spacing: normal;text-align: left;text-decoration: none;text-indent: 0px;text-transform: none\"> 2019.<\/span><span style=\"float: none;background-color: #ffffff;color: #363636;font-family: 'ProximaNova','Helvetica Neue',Helvetica,Arial,sans-serif;font-size: 16px;font-style: normal;font-variant: normal;font-weight: 400;letter-spacing: normal;text-align: left;text-decoration: none;text-indent: 0px;text-transform: none\"> En<\/span><span style=\"float: none;background-color: #ffffff;color: #363636;font-family: 'ProximaNova','Helvetica Neue',Helvetica,Arial,sans-serif;font-size: 16px;font-style: normal;font-variant: normal;font-weight: 400;letter-spacing: normal;text-align: left;text-decoration: none;text-indent: 0px;text-transform: none\"> este<\/span><span style=\"float: none;background-color: #ffffff;color: #363636;font-family: 'ProximaNova','Helvetica Neue',Helvetica,Arial,sans-serif;font-size: 16px;font-style: normal;font-variant: normal;font-weight: 400;letter-spacing: normal;text-align: left;text-decoration: none;text-indent: 0px;text-transform: none\"> primer<\/span><span style=\"float: none;background-color: #ffffff;color: #363636;font-family: 'ProximaNova','Helvetica Neue',Helvetica,Arial,sans-serif;font-size: 16px;font-style: normal;font-variant: normal;font-weight: 400;letter-spacing: normal;text-align: left;text-decoration: none;text-indent: 0px;text-transform: none\"> programa<\/span><span style=\"float: none;background-color: #ffffff;color: #363636;font-family: 'ProximaNova','Helvetica Neue',Helvetica,Arial,sans-serif;font-size: 16px;font-style: normal;font-variant: normal;font-weight: 400;letter-spacing: normal;text-align: left;text-decoration: none;text-indent: 0px;text-transform: none\"> entrevistamos<\/span><span style=\"float: none;background-color: #ffffff;color: #363636;font-family: 'ProximaNova','Helvetica Neue',Helvetica,Arial,sans-serif;font-size: 16px;font-style: normal;font-variant: normal;font-weight: 400;letter-spacing: normal;text-align: left;text-decoration: none;text-indent: 0px;text-transform: none\"> a<\/span><span style=\"float: none;background-color: #ffffff;color: #363636;font-family: 'ProximaNova','Helvetica Neue',Helvetica,Arial,sans-serif;font-size: 16px;font-style: normal;font-variant: normal;font-weight: 400;letter-spacing: normal;text-align: left;text-decoration: none;text-indent: 0px;text-transform: none\"> las<\/span><span style=\"float: none;background-color: #ffffff;color: #363636;font-family: 'ProximaNova','Helvetica Neue',Helvetica,Arial,sans-serif;font-size: 16px;font-style: normal;font-variant: normal;font-weight: 400;letter-spacing: normal;text-align: left;text-decoration: none;text-indent: 0px;text-transform: none\"> ganadoras<\/span><span style=\"float: none;background-color: #ffffff;color: #363636;font-family: 'ProximaNova','Helvetica Neue',Helvetica,Arial,sans-serif;font-size: 16px;font-style: normal;font-variant: normal;font-weight: 400;letter-spacing: normal;text-align: left;text-decoration: none;text-indent: 0px;text-transform: none\"> del<\/span><span style=\"float: none;background-color: #ffffff;color: #363636;font-family: 'ProximaNova','Helvetica Neue',Helvetica,Arial,sans-serif;font-size: 16px;font-style: normal;font-variant: normal;font-weight: 400;letter-spacing: normal;text-align: left;text-decoration: none;text-indent: 0px;text-transform: none\"> Concurso<\/span><span style=\"float: none;background-color: #ffffff;color: #363636;font-family: 'ProximaNova','Helvetica Neue',Helvetica,Arial,sans-serif;font-size: 16px;font-style: normal;font-variant: normal;font-weight: 400;letter-spacing: normal;text-align: left;text-decoration: none;text-indent: 0px;text-transform: none\"> de<\/span><span style=\"float: none;background-color: #ffffff;color: #363636;font-family: 'ProximaNova','Helvetica Neue',Helvetica,Arial,sans-serif;font-size: 16px;font-style: normal;font-variant: normal;font-weight: 400;letter-spacing: normal;text-align: left;text-decoration: none;text-indent: 0px;text-transform: none\"> Cuentos<\/span><span style=\"float: none;background-color: #ffffff;color: #363636;font-family: 'ProximaNova','Helvetica Neue',Helvetica,Arial,sans-serif;font-size: 16px;font-style: normal;font-variant: normal;font-weight: 400;letter-spacing: normal;text-align: left;text-decoration: none;text-indent: 0px;text-transform: none\"> de<\/span><span style=\"float: none;background-color: #ffffff;color: #363636;font-family: 'ProximaNova','Helvetica Neue',Helvetica,Arial,sans-serif;font-size: 16px;font-style: normal;font-variant: normal;font-weight: 400;letter-spacing: normal;text-align: left;text-decoration: none;text-indent: 0px;text-transform: none\"> Navidad<\/span><span style=\"float: none;background-color: #ffffff;color: #363636;font-family: 'ProximaNova','Helvetica Neue',Helvetica,Arial,sans-serif;font-size: 16px;font-style: normal;font-variant: normal;font-weight: 400;letter-spacing: normal;text-align: left;text-decoration: none;text-indent: 0px;text-transform: none\"> de<\/span><span style=\"float: none;background-color: #ffffff;color: #363636;font-family: 'ProximaNova','Helvetica Neue',Helvetica,Arial,sans-serif;font-size: 16px;font-style: normal;font-variant: normal;font-weight: 400;letter-spacing: normal;text-align: left;text-decoration: none;text-indent: 0px;text-transform: none\"> este<\/span><span style=\"float: none;background-color: #ffffff;color: #363636;font-family: 'ProximaNova','Helvetica Neue',Helvetica,Arial,sans-serif;font-size: 16px;font-style: normal;font-variant: normal;font-weight: 400;letter-spacing: normal;text-align: left;text-decoration: none;text-indent: 0px;text-transform: none\"> a\u00f1o<\/span><span style=\"float: none;background-color: #ffffff;color: #363636;font-family: 'ProximaNova','Helvetica Neue',Helvetica,Arial,sans-serif;font-size: 16px;font-style: normal;font-variant: normal;font-weight: 400;letter-spacing: normal;text-align: left;text-decoration: none;text-indent: 0px;text-transform: none\"> y<\/span><span style=\"float: none;background-color: #ffffff;color: #363636;font-family: 'ProximaNova','Helvetica Neue',Helvetica,Arial,sans-serif;font-size: 16px;font-style: normal;font-variant: normal;font-weight: 400;letter-spacing: normal;text-align: left;text-decoration: none;text-indent: 0px;text-transform: none\"> realizamos<\/span><span style=\"float: none;background-color: #ffffff;color: #363636;font-family: 'ProximaNova','Helvetica Neue',Helvetica,Arial,sans-serif;font-size: 16px;font-style: normal;font-variant: normal;font-weight: 400;letter-spacing: normal;text-align: left;text-decoration: none;text-indent: 0px;text-transform: none\"> tambi\u00e9n<\/span><span style=\"float: none;background-color: #ffffff;color: #363636;font-family: 'ProximaNova','Helvetica Neue',Helvetica,Arial,sans-serif;font-size: 16px;font-style: normal;font-variant: normal;font-weight: 400;letter-spacing: normal;text-align: left;text-decoration: none;text-indent: 0px;text-transform: none\"> una<\/span><span style=\"float: none;background-color: #ffffff;color: #363636;font-family: 'ProximaNova','Helvetica Neue',Helvetica,Arial,sans-serif;font-size: 16px;font-style: normal;font-variant: normal;font-weight: 400;letter-spacing: normal;text-align: left;text-decoration: none;text-indent: 0px;text-transform: none\"> entrevista<\/span><span style=\"float: none;background-color: #ffffff;color: #363636;font-family: 'ProximaNova','Helvetica Neue',Helvetica,Arial,sans-serif;font-size: 16px;font-style: normal;font-variant: normal;font-weight: 400;letter-spacing: normal;text-align: left;text-decoration: none;text-indent: 0px;text-transform: none\"> al<\/span><span style=\"float: none;background-color: #ffffff;color: #363636;font-family: 'ProximaNova','Helvetica Neue',Helvetica,Arial,sans-serif;font-size: 16px;font-style: normal;font-variant: normal;font-weight: 400;letter-spacing: normal;text-align: left;text-decoration: none;text-indent: 0px;text-transform: none\"> maestro<\/span><span style=\"float: none;background-color: #ffffff;color: #363636;font-family: 'ProximaNova','Helvetica Neue',Helvetica,Arial,sans-serif;font-size: 16px;font-style: normal;font-variant: normal;font-weight: 400;letter-spacing: normal;text-align: left;text-decoration: none;text-indent: 0px;text-transform: none\"> Juan<\/span><span style=\"float: none;background-color: #ffffff;color: #363636;font-family: 'ProximaNova','Helvetica Neue',Helvetica,Arial,sans-serif;font-size: 16px;font-style: normal;font-variant: normal;font-weight: 400;letter-spacing: normal;text-align: left;text-decoration: none;text-indent: 0px;text-transform: none\"> Pedro,<\/span><span style=\"float: none;background-color: #ffffff;color: #363636;font-family: 'ProximaNova','Helvetica Neue',Helvetica,Arial,sans-serif;font-size: 16px;font-style: normal;font-variant: normal;font-weight: 400;letter-spacing: normal;text-align: left;text-decoration: none;text-indent: 0px;text-transform: none\"> como<\/span><span style=\"float: none;background-color: #ffffff;color: #363636;font-family: 'ProximaNova','Helvetica Neue',Helvetica,Arial,sans-serif;font-size: 16px;font-style: normal;font-variant: normal;font-weight: 400;letter-spacing: normal;text-align: left;text-decoration: none;text-indent: 0px;text-transform: none\"> coordinador<\/span><span style=\"float: none;background-color: #ffffff;color: #363636;font-family: 'ProximaNova','Helvetica Neue',Helvetica,Arial,sans-serif;font-size: 16px;font-style: normal;font-variant: normal;font-weight: 400;letter-spacing: normal;text-align: left;text-decoration: none;text-indent: 0px;text-transform: none\"> de<\/span><span style=\"float: none;background-color: #ffffff;color: #363636;font-family: 'ProximaNova','Helvetica Neue',Helvetica,Arial,sans-serif;font-size: 16px;font-style: normal;font-variant: normal;font-weight: 400;letter-spacing: normal;text-align: left;text-decoration: none;text-indent: 0px;text-transform: none\"> la<\/span><span style=\"float: none;background-color: #ffffff;color: #363636;font-family: 'ProximaNova','Helvetica Neue',Helvetica,Arial,sans-serif;font-size: 16px;font-style: normal;font-variant: normal;font-weight: 400;letter-spacing: normal;text-align: left;text-decoration: none;text-indent: 0px;text-transform: none\"> Biblioteca<\/span><span style=\"float: none;background-color: #ffffff;color: #363636;font-family: 'ProximaNova','Helvetica Neue',Helvetica,Arial,sans-serif;font-size: 16px;font-style: normal;font-variant: normal;font-weight: 400;letter-spacing: normal;text-align: left;text-decoration: none;text-indent: 0px;text-transform: none\"> Escolar.<\/span><span style=\"float: none;background-color: #ffffff;color: #363636;font-family: 'ProximaNova','Helvetica Neue',Helvetica,Arial,sans-serif;font-size: 16px;font-style: normal;font-variant: normal;font-weight: 400;letter-spacing: normal;text-align: left;text-decoration: none;text-indent: 0px;text-transform: none\"> Adem\u00e1s,<\/span><span style=\"float: none;background-color: #ffffff;color: #363636;font-family: 'ProximaNova','Helvetica Neue',Helvetica,Arial,sans-serif;font-size: 16px;font-style: normal;font-variant: normal;font-weight: 400;letter-spacing: normal;text-align: left;text-decoration: none;text-indent: 0px;text-transform: none\"> las<\/span><span style=\"float: none;background-color: #ffffff;color: #363636;font-family: 'ProximaNova','Helvetica Neue',Helvetica,Arial,sans-serif;font-size: 16px;font-style: normal;font-variant: normal;font-weight: 400;letter-spacing: normal;text-align: left;text-decoration: none;text-indent: 0px;text-transform: none\"> propias<\/span><span style=\"float: none;background-color: #ffffff;color: #363636;font-family: 'ProximaNova','Helvetica Neue',Helvetica,Arial,sans-serif;font-size: 16px;font-style: normal;font-variant: normal;font-weight: 400;letter-spacing: normal;text-align: left;text-decoration: none;text-indent: 0px;text-transform: none\"> autoras<\/span><span style=\"float: none;background-color: #ffffff;color: #363636;font-family: 'ProximaNova','Helvetica Neue',Helvetica,Arial,sans-serif;font-size: 16px;font-style: normal;font-variant: normal;font-weight: 400;letter-spacing: normal;text-align: left;text-decoration: none;text-indent: 0px;text-transform: none\"> de<\/span><span style=\"float: none;background-color: #ffffff;color: #363636;font-family: 'ProximaNova','Helvetica Neue',Helvetica,Arial,sans-serif;font-size: 16px;font-style: normal;font-variant: normal;font-weight: 400;letter-spacing: normal;text-align: left;text-decoration: none;text-indent: 0px;text-transform: none\"> los<\/span><span style=\"float: none;background-color: #ffffff;color: #363636;font-family: 'ProximaNova','Helvetica Neue',Helvetica,Arial,sans-serif;font-size: 16px;font-style: normal;font-variant: normal;font-weight: 400;letter-spacing: normal;text-align: left;text-decoration: none;text-indent: 0px;text-transform: none\"> cuentos<\/span><span style=\"float: none;background-color: #ffffff;color: #363636;font-family: 'ProximaNova','Helvetica Neue',Helvetica,Arial,sans-serif;font-size: 16px;font-style: normal;font-variant: normal;font-weight: 400;letter-spacing: normal;text-align: left;text-decoration: none;text-indent: 0px;text-transform: none\"> lo<\/span><span style=\"float: none;background-color: #ffffff;color: #363636;font-family: 'ProximaNova','Helvetica Neue',Helvetica,Arial,sans-serif;font-size: 16px;font-style: normal;font-variant: normal;font-weight: 400;letter-spacing: normal;text-align: left;text-decoration: none;text-indent: 0px;text-transform: none\"> han<\/span><span style=\"float: none;background-color: #ffffff;color: #363636;font-family: 'ProximaNova','Helvetica Neue',Helvetica,Arial,sans-serif;font-size: 16px;font-style: normal;font-variant: normal;font-weight: 400;letter-spacing: normal;text-align: left;text-decoration: none;text-indent: 0px;text-transform: none\"> le\u00eddo<\/span><span style=\"float: none;background-color: #ffffff;color: #363636;font-family: 'ProximaNova','Helvetica Neue',Helvetica,Arial,sans-serif;font-size: 16px;font-style: normal;font-variant: normal;font-weight: 400;letter-spacing: normal;text-align: left;text-decoration: none;text-indent: 0px;text-transform: none\"> y<\/span><span style=\"float: none;background-color: #ffffff;color: #363636;font-family: 'ProximaNova','Helvetica Neue',Helvetica,Arial,sans-serif;font-size: 16px;font-style: normal;font-variant: normal;font-weight: 400;letter-spacing: normal;text-align: left;text-decoration: none;text-indent: 0px;text-transform: none\"> lo<\/span><span style=\"float: none;background-color: #ffffff;color: #363636;font-family: 'ProximaNova','Helvetica Neue',Helvetica,Arial,sans-serif;font-size: 16px;font-style: normal;font-variant: normal;font-weight: 400;letter-spacing: normal;text-align: left;text-decoration: none;text-indent: 0px;text-transform: none\"> hemos<\/span><span style=\"float: none;background-color: #ffffff;color: #363636;font-family: 'ProximaNova','Helvetica Neue',Helvetica,Arial,sans-serif;font-size: 16px;font-style: normal;font-variant: normal;font-weight: 400;letter-spacing: normal;text-align: left;text-decoration: none;text-indent: 0px;text-transform: none\"> grabado<\/span><span style=\"float: none;background-color: #ffffff;color: #363636;font-family: 'ProximaNova','Helvetica Neue',Helvetica,Arial,sans-serif;font-size: 16px;font-style: normal;font-variant: normal;font-weight: 400;letter-spacing: normal;text-align: left;text-decoration: none;text-indent: 0px;text-transform: none\"> en<\/span><span style=\"float: none;background-color: #ffffff;color: #363636;font-family: 'ProximaNova','Helvetica Neue',Helvetica,Arial,sans-serif;font-size: 16px;font-style: normal;font-variant: normal;font-weight: 400;letter-spacing: normal;text-align: left;text-decoration: none;text-indent: 0px;text-transform: none\"> otro<\/span><span style=\"float: none;background-color: #ffffff;color: #363636;font-family: 'ProximaNova','Helvetica Neue',Helvetica,Arial,sans-serif;font-size: 16px;font-style: normal;font-variant: normal;font-weight: 400;letter-spacing: normal;text-align: left;text-decoration: none;text-indent: 0px;text-transform: none\"> de<\/span><span style=\"float: none;background-color: #ffffff;color: #363636;font-family: 'ProximaNova','Helvetica Neue',Helvetica,Arial,sans-serif;font-size: 16px;font-style: normal;font-variant: normal;font-weight: 400;letter-spacing: normal;text-align: left;text-decoration: none;text-indent: 0px;text-transform: none\"> los<\/span><span style=\"float: none;background-color: #ffffff;color: #363636;font-family: 'ProximaNova','Helvetica Neue',Helvetica,Arial,sans-serif;font-size: 16px;font-style: normal;font-variant: normal;font-weight: 400;letter-spacing: normal;text-align: left;text-decoration: none;text-indent: 0px;text-transform: none\"> episodios.<\/span><span style=\"float: none;background-color: #ffffff;color: #363636;font-family: 'ProximaNova','Helvetica Neue',Helvetica,Arial,sans-serif;font-size: 16px;font-style: normal;font-variant: normal;font-weight: 400;letter-spacing: normal;text-align: left;text-decoration: none;text-indent: 0px;text-transform: none\"> Os<\/span><span style=\"float: none;background-color: #ffffff;color: #363636;font-family: 'ProximaNova','Helvetica Neue',Helvetica,Arial,sans-serif;font-size: 16px;font-style: normal;font-variant: normal;font-weight: 400;letter-spacing: normal;text-align: left;text-decoration: none;text-indent: 0px;text-transform: none\"> dejamos<\/span><span style=\"float: none;background-color: #ffffff;color: #363636;font-family: 'ProximaNova','Helvetica Neue',Helvetica,Arial,sans-serif;font-size: 16px;font-style: normal;font-variant: normal;font-weight: 400;letter-spacing: normal;text-align: left;text-decoration: none;text-indent: 0px;text-transform: none\"> el<\/span><span style=\"float: none;background-color: #ffffff;color: #363636;font-family: 'ProximaNova','Helvetica Neue',Helvetica,Arial,sans-serif;font-size: 16px;font-style: normal;font-variant: normal;font-weight: 400;letter-spacing: normal;text-align: left;text-decoration: none;text-indent: 0px;text-transform: none\"> enlace<\/span><span style=\"float: none;background-color: #ffffff;color: #363636;font-family: 'ProximaNova','Helvetica Neue',Helvetica,Arial,sans-serif;font-size: 16px;font-style: normal;font-variant: normal;font-weight: 400;letter-spacing: normal;text-align: left;text-decoration: none;text-indent: 0px;text-transform: none\"> a<\/span><span style=\"float: none;background-color: #ffffff;color: #363636;font-family: 'ProximaNova','Helvetica Neue',Helvetica,Arial,sans-serif;font-size: 16px;font-style: normal;font-variant: normal;font-weight: 400;letter-spacing: normal;text-align: left;text-decoration: none;text-indent: 0px;text-transform: none\"> continuaci\u00f3n:<\/span><br \/>\n<a href=\"https:\/\/www.ivoox.com\/podcast-especial-navidad-2019_sq_f1828540_1.html\">https:\/\/www.ivoox.com\/podcast-especial-navidad-2019_sq_f1828540_1.html<\/a><br \/>\n<span style=\"float: none;background-color: #ffffff;color: #363636;font-family: 'ProximaNova','Helvetica Neue',Helvetica,Arial,sans-serif;font-size: 16px;font-style: normal;font-variant: normal;font-weight: 400;letter-spacing: normal;text-align: left;text-decoration: none;text-indent: 0px;text-transform: none\"> (Esperamos<\/span><span style=\"float: none;background-color: #ffffff;color: #363636;font-family: 'ProximaNova','Helvetica Neue',Helvetica,Arial,sans-serif;font-size: 16px;font-style: normal;font-variant: normal;font-weight: 400;letter-spacing: normal;text-align: left;text-decoration: none;text-indent: 0px;text-transform: none\"> que<\/span><span style=\"float: none;background-color: #ffffff;color: #363636;font-family: 'ProximaNova','Helvetica Neue',Helvetica,Arial,sans-serif;font-size: 16px;font-style: normal;font-variant: normal;font-weight: 400;letter-spacing: normal;text-align: left;text-decoration: none;text-indent: 0px;text-transform: none\"> os<\/span><span style=\"float: none;background-color: #ffffff;color: #363636;font-family: 'ProximaNova','Helvetica Neue',Helvetica,Arial,sans-serif;font-size: 16px;font-style: normal;font-variant: normal;font-weight: 400;letter-spacing: normal;text-align: left;text-decoration: none;text-indent: 0px;text-transform: none\"> guste<\/span><span style=\"float: none;background-color: #ffffff;color: #363636;font-family: 'ProximaNova','Helvetica Neue',Helvetica,Arial,sans-serif;font-size: 16px;font-style: normal;font-variant: normal;font-weight: 400;letter-spacing: normal;text-align: left;text-decoration: none;text-indent: 0px;text-transform: none\"> y<\/span><span style=\"float: none;background-color: #ffffff;color: #363636;font-family: 'ProximaNova','Helvetica Neue',Helvetica,Arial,sans-serif;font-size: 16px;font-style: normal;font-variant: normal;font-weight: 400;letter-spacing: normal;text-align: left;text-decoration: none;text-indent: 0px;text-transform: none\"> que<\/span><span style=\"float: none;background-color: #ffffff;color: #363636;font-family: 'ProximaNova','Helvetica Neue',Helvetica,Arial,sans-serif;font-size: 16px;font-style: normal;font-variant: normal;font-weight: 400;letter-spacing: normal;text-align: left;text-decoration: none;text-indent: 0px;text-transform: none\"> os<\/span><span style=\"float: none;background-color: #ffffff;color: #363636;font-family: 'ProximaNova','Helvetica Neue',Helvetica,Arial,sans-serif;font-size: 16px;font-style: normal;font-variant: normal;font-weight: 400;letter-spacing: normal;text-align: left;text-decoration: none;text-indent: 0px;text-transform: none\"> suscrib\u00e1is<\/span><span style=\"float: none;background-color: #ffffff;color: #363636;font-family: 'ProximaNova','Helvetica Neue',Helvetica,Arial,sans-serif;font-size: 16px;font-style: normal;font-variant: normal;font-weight: 400;letter-spacing: normal;text-align: left;text-decoration: none;text-indent: 0px;text-transform: none\"> al<\/span><span style=\"float: none;background-color: #ffffff;color: #363636;font-family: 'ProximaNova','Helvetica Neue',Helvetica,Arial,sans-serif;font-size: 16px;font-style: normal;font-variant: normal;font-weight: 400;letter-spacing: normal;text-align: left;text-decoration: none;text-indent: 0px;text-transform: none\"> canal)<\/span><br \/>\n<span style=\"float: none;background-color: #ffffff;color: #363636;font-family: 'ProximaNova','Helvetica Neue',Helvetica,Arial,sans-serif;font-size: 16px;font-style: normal;font-variant: normal;font-weight: 400;letter-spacing: normal;text-align: left;text-decoration: none;text-indent: 0px;text-transform: none\"> Por<\/span><span style=\"float: none;background-color: #ffffff;color: #363636;font-family: 'ProximaNova','Helvetica Neue',Helvetica,Arial,sans-serif;font-size: 16px;font-style: normal;font-variant: normal;font-weight: 400;letter-spacing: normal;text-align: left;text-decoration: none;text-indent: 0px;text-transform: none\"> otro<\/span><span style=\"float: none;background-color: #ffffff;color: #363636;font-family: 'ProximaNova','Helvetica Neue',Helvetica,Arial,sans-serif;font-size: 16px;font-style: normal;font-variant: normal;font-weight: 400;letter-spacing: normal;text-align: left;text-decoration: none;text-indent: 0px;text-transform: none\"> lado,<\/span><span style=\"float: none;background-color: #ffffff;color: #363636;font-family: 'ProximaNova','Helvetica Neue',Helvetica,Arial,sans-serif;font-size: 16px;font-style: normal;font-variant: normal;font-weight: 400;letter-spacing: normal;text-align: left;text-decoration: none;text-indent: 0px;text-transform: none\"> queremos<\/span><span style=\"float: none;background-color: #ffffff;color: #363636;font-family: 'ProximaNova','Helvetica Neue',Helvetica,Arial,sans-serif;font-size: 16px;font-style: normal;font-variant: normal;font-weight: 400;letter-spacing: normal;text-align: left;text-decoration: none;text-indent: 0px;text-transform: none\"> dar<\/span><span style=\"float: none;background-color: #ffffff;color: #363636;font-family: 'ProximaNova','Helvetica Neue',Helvetica,Arial,sans-serif;font-size: 16px;font-style: normal;font-variant: normal;font-weight: 400;letter-spacing: normal;text-align: left;text-decoration: none;text-indent: 0px;text-transform: none\"> las<\/span><span style=\"float: none;background-color: #ffffff;color: #363636;font-family: 'ProximaNova','Helvetica Neue',Helvetica,Arial,sans-serif;font-size: 16px;font-style: normal;font-variant: normal;font-weight: 400;letter-spacing: normal;text-align: left;text-decoration: none;text-indent: 0px;text-transform: none\"> gracias<\/span><span style=\"float: none;background-color: #ffffff;color: #363636;font-family: 'ProximaNova','Helvetica Neue',Helvetica,Arial,sans-serif;font-size: 16px;font-style: normal;font-variant: normal;font-weight: 400;letter-spacing: normal;text-align: left;text-decoration: none;text-indent: 0px;text-transform: none\"> a<\/span><span style=\"float: none;background-color: #ffffff;color: #363636;font-family: 'ProximaNova','Helvetica Neue',Helvetica,Arial,sans-serif;font-size: 16px;font-style: normal;font-variant: normal;font-weight: 400;letter-spacing: normal;text-align: left;text-decoration: none;text-indent: 0px;text-transform: none\"> nuestra<\/span><span style=\"float: none;background-color: #ffffff;color: #363636;font-family: 'ProximaNova','Helvetica Neue',Helvetica,Arial,sans-serif;font-size: 16px;font-style: normal;font-variant: normal;font-weight: 400;letter-spacing: normal;text-align: left;text-decoration: none;text-indent: 0px;text-transform: none\"> alumna<\/span><span style=\"float: none;background-color: #ffffff;color: #363636;font-family: 'ProximaNova','Helvetica Neue',Helvetica,Arial,sans-serif;font-size: 16px;font-style: normal;font-variant: normal;font-weight: 400;letter-spacing: normal;text-align: left;text-decoration: none;text-indent: 0px;text-transform: none\"> B\u00e1rbara<\/span><span style=\"float: none;background-color: #ffffff;color: #363636;font-family: 'ProximaNova','Helvetica Neue',Helvetica,Arial,sans-serif;font-size: 16px;font-style: normal;font-variant: normal;font-weight: 400;letter-spacing: normal;text-align: left;text-decoration: none;text-indent: 0px;text-transform: none\"> de<\/span><span style=\"float: none;background-color: #ffffff;color: #363636;font-family: 'ProximaNova','Helvetica Neue',Helvetica,Arial,sans-serif;font-size: 16px;font-style: normal;font-variant: normal;font-weight: 400;letter-spacing: normal;text-align: left;text-decoration: none;text-indent: 0px;text-transform: none\"> 5\u00baD<\/span><span style=\"float: none;background-color: #ffffff;color: #363636;font-family: 'ProximaNova','Helvetica Neue',Helvetica,Arial,sans-serif;font-size: 16px;font-style: normal;font-variant: normal;font-weight: 400;letter-spacing: normal;text-align: left;text-decoration: none;text-indent: 0px;text-transform: none\"> por<\/span><span style=\"float: none;background-color: #ffffff;color: #363636;font-family: 'ProximaNova','Helvetica Neue',Helvetica,Arial,sans-serif;font-size: 16px;font-style: normal;font-variant: normal;font-weight: 400;letter-spacing: normal;text-align: left;text-decoration: none;text-indent: 0px;text-transform: none\"> dise\u00f1ar<\/span><span style=\"float: none;background-color: #ffffff;color: #363636;font-family: 'ProximaNova','Helvetica Neue',Helvetica,Arial,sans-serif;font-size: 16px;font-style: normal;font-variant: normal;font-weight: 400;letter-spacing: normal;text-align: left;text-decoration: none;text-indent: 0px;text-transform: none\"> este<\/span><span style=\"float: none;background-color: #ffffff;color: #363636;font-family: 'ProximaNova','Helvetica Neue',Helvetica,Arial,sans-serif;font-size: 16px;font-style: normal;font-variant: normal;font-weight: 400;letter-spacing: normal;text-align: left;text-decoration: none;text-indent: 0px;text-transform: none\"> cartel<\/span><span style=\"float: none;background-color: #ffffff;color: #363636;font-family: 'ProximaNova','Helvetica Neue',Helvetica,Arial,sans-serif;font-size: 16px;font-style: normal;font-variant: normal;font-weight: 400;letter-spacing: normal;text-align: left;text-decoration: none;text-indent: 0px;text-transform: none\"> tan<\/span><span style=\"float: none;background-color: #ffffff;color: #363636;font-family: 'ProximaNova','Helvetica Neue',Helvetica,Arial,sans-serif;font-size: 16px;font-style: normal;font-variant: normal;font-weight: 400;letter-spacing: normal;text-align: left;text-decoration: none;text-indent: 0px;text-transform: none\"> bonito<\/span><span style=\"float: none;background-color: #ffffff;color: #363636;font-family: 'ProximaNova','Helvetica Neue',Helvetica,Arial,sans-serif;font-size: 16px;font-style: normal;font-variant: normal;font-weight: 400;letter-spacing: normal;text-align: left;text-decoration: none;text-indent: 0px;text-transform: none\"> para<\/span><span style=\"float: none;background-color: #ffffff;color: #363636;font-family: 'ProximaNova','Helvetica Neue',Helvetica,Arial,sans-serif;font-size: 16px;font-style: normal;font-variant: normal;font-weight: 400;letter-spacing: normal;text-align: left;text-decoration: none;text-indent: 0px;text-transform: none\"> este<\/span><span style=\"float: none;background-color: #ffffff;color: #363636;font-family: 'ProximaNova','Helvetica Neue',Helvetica,Arial,sans-serif;font-size: 16px;font-style: normal;font-variant: normal;font-weight: 400;letter-spacing: normal;text-align: left;text-decoration: none;text-indent: 0px;text-transform: none\"> nuevo<\/span><span style=\"float: none;background-color: #ffffff;color: #363636;font-family: 'ProximaNova','Helvetica Neue',Helvetica,Arial,sans-serif;font-size: 16px;font-style: normal;font-variant: normal;font-weight: 400;letter-spacing: normal;text-align: left;text-decoration: none;text-indent: 0px;text-transform: none\"> proyecto.<\/span><br \/>\n<span style=\"float: none;background-color: #ffffff;color: #363636;font-family: 'ProximaNova','Helvetica Neue',Helvetica,Arial,sans-serif;font-size: 16px;font-style: normal;font-variant: normal;font-weight: 400;letter-spacing: normal;text-align: left;text-decoration: none;text-indent: 0px;text-transform: none\"> Y<\/span><span style=\"float: none;background-color: #ffffff;color: #363636;font-family: 'ProximaNova','Helvetica Neue',Helvetica,Arial,sans-serif;font-size: 16px;font-style: normal;font-variant: normal;font-weight: 400;letter-spacing: normal;text-align: left;text-decoration: none;text-indent: 0px;text-transform: none\"> por<\/span><span style=\"float: none;background-color: #ffffff;color: #363636;font-family: 'ProximaNova','Helvetica Neue',Helvetica,Arial,sans-serif;font-size: 16px;font-style: normal;font-variant: normal;font-weight: 400;letter-spacing: normal;text-align: left;text-decoration: none;text-indent: 0px;text-transform: none\"> \u00faltimo,<\/span><span style=\"float: none;background-color: #ffffff;color: #363636;font-family: 'ProximaNova','Helvetica Neue',Helvetica,Arial,sans-serif;font-size: 16px;font-style: normal;font-variant: normal;font-weight: 400;letter-spacing: normal;text-align: left;text-decoration: none;text-indent: 0px;text-transform: none\"> queremos<\/span><span style=\"float: none;background-color: #ffffff;color: #363636;font-family: 'ProximaNova','Helvetica Neue',Helvetica,Arial,sans-serif;font-size: 16px;font-style: normal;font-variant: normal;font-weight: 400;letter-spacing: normal;text-align: left;text-decoration: none;text-indent: 0px;text-transform: none\"> felicitar<\/span><span style=\"float: none;background-color: #ffffff;color: #363636;font-family: 'ProximaNova','Helvetica Neue',Helvetica,Arial,sans-serif;font-size: 16px;font-style: normal;font-variant: normal;font-weight: 400;letter-spacing: normal;text-align: left;text-decoration: none;text-indent: 0px;text-transform: none\"> a<\/span><span style=\"float: none;background-color: #ffffff;color: #363636;font-family: 'ProximaNova','Helvetica Neue',Helvetica,Arial,sans-serif;font-size: 16px;font-style: normal;font-variant: normal;font-weight: 400;letter-spacing: normal;text-align: left;text-decoration: none;text-indent: 0px;text-transform: none\"> Bel\u00e9n<\/span><span style=\"float: none;background-color: #ffffff;color: #363636;font-family: 'ProximaNova','Helvetica Neue',Helvetica,Arial,sans-serif;font-size: 16px;font-style: normal;font-variant: normal;font-weight: 400;letter-spacing: normal;text-align: left;text-decoration: none;text-indent: 0px;text-transform: none\"> de<\/span><span style=\"float: none;background-color: #ffffff;color: #363636;font-family: 'ProximaNova','Helvetica Neue',Helvetica,Arial,sans-serif;font-size: 16px;font-style: normal;font-variant: normal;font-weight: 400;letter-spacing: normal;text-align: left;text-decoration: none;text-indent: 0px;text-transform: none\"> 5\u00baA<\/span><span style=\"float: none;background-color: #ffffff;color: #363636;font-family: 'ProximaNova','Helvetica Neue',Helvetica,Arial,sans-serif;font-size: 16px;font-style: normal;font-variant: normal;font-weight: 400;letter-spacing: normal;text-align: left;text-decoration: none;text-indent: 0px;text-transform: none\"> porque<\/span><span style=\"float: none;background-color: #ffffff;color: #363636;font-family: 'ProximaNova','Helvetica Neue',Helvetica,Arial,sans-serif;font-size: 16px;font-style: normal;font-variant: normal;font-weight: 400;letter-spacing: normal;text-align: left;text-decoration: none;text-indent: 0px;text-transform: none\"> hoy<\/span><span style=\"float: none;background-color: #ffffff;color: #363636;font-family: 'ProximaNova','Helvetica Neue',Helvetica,Arial,sans-serif;font-size: 16px;font-style: normal;font-variant: normal;font-weight: 400;letter-spacing: normal;text-align: left;text-decoration: none;text-indent: 0px;text-transform: none\"> ha<\/span><span style=\"float: none;background-color: #ffffff;color: #363636;font-family: 'ProximaNova','Helvetica Neue',Helvetica,Arial,sans-serif;font-size: 16px;font-style: normal;font-variant: normal;font-weight: 400;letter-spacing: normal;text-align: left;text-decoration: none;text-indent: 0px;text-transform: none\"> recibido<\/span><span style=\"float: none;background-color: #ffffff;color: #363636;font-family: 'ProximaNova','Helvetica Neue',Helvetica,Arial,sans-serif;font-size: 16px;font-style: normal;font-variant: normal;font-weight: 400;letter-spacing: normal;text-align: left;text-decoration: none;text-indent: 0px;text-transform: none\"> un<\/span><span style=\"float: none;background-color: #ffffff;color: #363636;font-family: 'ProximaNova','Helvetica Neue',Helvetica,Arial,sans-serif;font-size: 16px;font-style: normal;font-variant: normal;font-weight: 400;letter-spacing: normal;text-align: left;text-decoration: none;text-indent: 0px;text-transform: none\"> premio<\/span><span style=\"float: none;background-color: #ffffff;color: #363636;font-family: 'ProximaNova','Helvetica Neue',Helvetica,Arial,sans-serif;font-size: 16px;font-style: normal;font-variant: normal;font-weight: 400;letter-spacing: normal;text-align: left;text-decoration: none;text-indent: 0px;text-transform: none\"> en<\/span><span style=\"float: none;background-color: #ffffff;color: #363636;font-family: 'ProximaNova','Helvetica Neue',Helvetica,Arial,sans-serif;font-size: 16px;font-style: normal;font-variant: normal;font-weight: 400;letter-spacing: normal;text-align: left;text-decoration: none;text-indent: 0px;text-transform: none\"> Radio<\/span><span style=\"float: none;background-color: #ffffff;color: #363636;font-family: 'ProximaNova','Helvetica Neue',Helvetica,Arial,sans-serif;font-size: 16px;font-style: normal;font-variant: normal;font-weight: 400;letter-spacing: normal;text-align: left;text-decoration: none;text-indent: 0px;text-transform: none\"> Sevilla<\/span><span style=\"float: none;background-color: #ffffff;color: #363636;font-family: 'ProximaNova','Helvetica Neue',Helvetica,Arial,sans-serif;font-size: 16px;font-style: normal;font-variant: normal;font-weight: 400;letter-spacing: normal;text-align: left;text-decoration: none;text-indent: 0px;text-transform: none\"> (Cadena<\/span><span style=\"float: none;background-color: #ffffff;color: #363636;font-family: 'ProximaNova','Helvetica Neue',Helvetica,Arial,sans-serif;font-size: 16px;font-style: normal;font-variant: normal;font-weight: 400;letter-spacing: normal;text-align: left;text-decoration: none;text-indent: 0px;text-transform: none\"> SER)<\/span><span style=\"float: none;background-color: #ffffff;color: #363636;font-family: 'ProximaNova','Helvetica Neue',Helvetica,Arial,sans-serif;font-size: 16px;font-style: normal;font-variant: normal;font-weight: 400;letter-spacing: normal;text-align: left;text-decoration: none;text-indent: 0px;text-transform: none\"> por<\/span><span style=\"float: none;background-color: #ffffff;color: #363636;font-family: 'ProximaNova','Helvetica Neue',Helvetica,Arial,sans-serif;font-size: 16px;font-style: normal;font-variant: normal;font-weight: 400;letter-spacing: normal;text-align: left;text-decoration: none;text-indent: 0px;text-transform: none\"> el<\/span><span style=\"float: none;background-color: #ffffff;color: #363636;font-family: 'ProximaNova','Helvetica Neue',Helvetica,Arial,sans-serif;font-size: 16px;font-style: normal;font-variant: normal;font-weight: 400;letter-spacing: normal;text-align: left;text-decoration: none;text-indent: 0px;text-transform: none\"> certamen<\/span><span style=\"float: none;background-color: #ffffff;color: #363636;font-family: 'ProximaNova','Helvetica Neue',Helvetica,Arial,sans-serif;font-size: 16px;font-style: normal;font-variant: normal;font-weight: 400;letter-spacing: normal;text-align: left;text-decoration: none;text-indent: 0px;text-transform: none\"> \u00abPalabras<\/span><span style=\"float: none;background-color: #ffffff;color: #363636;font-family: 'ProximaNova','Helvetica Neue',Helvetica,Arial,sans-serif;font-size: 16px;font-style: normal;font-variant: normal;font-weight: 400;letter-spacing: normal;text-align: left;text-decoration: none;text-indent: 0px;text-transform: none\"> para<\/span><span style=\"float: none;background-color: #ffffff;color: #363636;font-family: 'ProximaNova','Helvetica Neue',Helvetica,Arial,sans-serif;font-size: 16px;font-style: normal;font-variant: normal;font-weight: 400;letter-spacing: normal;text-align: left;text-decoration: none;text-indent: 0px;text-transform: none\"> la<\/span><span style=\"float: none;background-color: #ffffff;color: #363636;font-family: 'ProximaNova','Helvetica Neue',Helvetica,Arial,sans-serif;font-size: 16px;font-style: normal;font-variant: normal;font-weight: 400;letter-spacing: normal;text-align: left;text-decoration: none;text-indent: 0px;text-transform: none\"> Navidad\u00bb<\/span><span style=\"float: none;background-color: #ffffff;color: #363636;font-family: 'ProximaNova','Helvetica Neue',Helvetica,Arial,sans-serif;font-size: 16px;font-style: normal;font-variant: normal;font-weight: 400;letter-spacing: normal;text-align: left;text-decoration: none;text-indent: 0px;text-transform: none\"> donde<\/span><span style=\"float: none;background-color: #ffffff;color: #363636;font-family: 'ProximaNova','Helvetica Neue',Helvetica,Arial,sans-serif;font-size: 16px;font-style: normal;font-variant: normal;font-weight: 400;letter-spacing: normal;text-align: left;text-decoration: none;text-indent: 0px;text-transform: none\"> tambi\u00e9n<\/span><span style=\"float: none;background-color: #ffffff;color: #363636;font-family: 'ProximaNova','Helvetica Neue',Helvetica,Arial,sans-serif;font-size: 16px;font-style: normal;font-variant: normal;font-weight: 400;letter-spacing: normal;text-align: left;text-decoration: none;text-indent: 0px;text-transform: none\"> ha<\/span><span style=\"float: none;background-color: #ffffff;color: #363636;font-family: 'ProximaNova','Helvetica Neue',Helvetica,Arial,sans-serif;font-size: 16px;font-style: normal;font-variant: normal;font-weight: 400;letter-spacing: normal;text-align: left;text-decoration: none;text-indent: 0px;text-transform: none\"> participado<\/span><span style=\"float: none;background-color: #ffffff;color: #363636;font-family: 'ProximaNova','Helvetica Neue',Helvetica,Arial,sans-serif;font-size: 16px;font-style: normal;font-variant: normal;font-weight: 400;letter-spacing: normal;text-align: left;text-decoration: none;text-indent: 0px;text-transform: none\"> nuestro<\/span><span style=\"float: none;background-color: #ffffff;color: #363636;font-family: 'ProximaNova','Helvetica Neue',Helvetica,Arial,sans-serif;font-size: 16px;font-style: normal;font-variant: normal;font-weight: 400;letter-spacing: normal;text-align: left;text-decoration: none;text-indent: 0px;text-transform: none\"> alumnado:<\/span><br \/>\n<a href=\"https:\/\/cadenaser.com\/emisora\/2019\/12\/27\/radio_sevilla\/1577438709_156647.html\">https:\/\/cadenaser.com\/emisora\/2019\/12\/27\/radio_sevilla\/1577438709_156647.html<\/a><br \/>\n<span style=\"float: none;background-color: #ffffff;color: #363636;font-family: 'ProximaNova','Helvetica Neue',Helvetica,Arial,sans-serif;font-size: 16px;font-style: normal;font-variant: normal;font-weight: 400;letter-spacing: normal;text-align: left;text-decoration: none;text-indent: 0px;text-transform: none\"> Felices<\/span><span style=\"float: none;background-color: #ffffff;color: #363636;font-family: 'ProximaNova','Helvetica Neue',Helvetica,Arial,sans-serif;font-size: 16px;font-style: normal;font-variant: normal;font-weight: 400;letter-spacing: normal;text-align: left;text-decoration: none;text-indent: 0px;text-transform: none\"> fiestas.<\/span><\/p>\n","protected":false},"excerpt":{"rendered":"<p>Estrenamos Radio Escolar en nuestro colegio y lo hacemos con el Especial Navidad 2019. En este primer programa entrevistamos a las ganadoras del Concurso de Cuentos de Navidad de este a\u00f1o y realizamos tambi\u00e9n una entrevista al maestro Juan Pedro, como coordinador de la Biblioteca Escolar. Adem\u00e1s, las propias autoras de los cuentos lo han &hellip; <\/p>\n<p><a class=\"more-link btn\" href=\"https:\/\/blogsaverroes.juntadeandalucia.es\/vicentealeixandre\/2019\/12\/28\/2146\/\">Seguir leyendo<\/a><\/p>\n","protected":false},"author":8121,"featured_media":2142,"comment_status":"open","ping_status":"open","sticky":false,"template":"","format":"standard","meta":{"ngg_post_thumbnail":0,"footnotes":""},"categories":[526],"tags":[],"aioseo_notices":[],"_links":{"self":[{"href":"https:\/\/blogsaverroes.juntadeandalucia.es\/vicentealeixandre\/wp-json\/wp\/v2\/posts\/2146"}],"collection":[{"href":"https:\/\/blogsaverroes.juntadeandalucia.es\/vicentealeixandre\/wp-json\/wp\/v2\/posts"}],"about":[{"href":"https:\/\/blogsaverroes.juntadeandalucia.es\/vicentealeixandre\/wp-json\/wp\/v2\/types\/post"}],"author":[{"embeddable":true,"href":"https:\/\/blogsaverroes.juntadeandalucia.es\/vicentealeixandre\/wp-json\/wp\/v2\/users\/8121"}],"replies":[{"embeddable":true,"href":"https:\/\/blogsaverroes.juntadeandalucia.es\/vicentealeixandre\/wp-json\/wp\/v2\/comments?post=2146"}],"version-history":[{"count":3,"href":"https:\/\/blogsaverroes.juntadeandalucia.es\/vicentealeixandre\/wp-json\/wp\/v2\/posts\/2146\/revisions"}],"predecessor-version":[{"id":2164,"href":"https:\/\/blogsaverroes.juntadeandalucia.es\/vicentealeixandre\/wp-json\/wp\/v2\/posts\/2146\/revisions\/2164"}],"wp:featuredmedia":[{"embeddable":true,"href":"https:\/\/blogsaverroes.juntadeandalucia.es\/vicentealeixandre\/wp-json\/wp\/v2\/media\/2142"}],"wp:attachment":[{"href":"https:\/\/blogsaverroes.juntadeandalucia.es\/vicentealeixandre\/wp-json\/wp\/v2\/media?parent=2146"}],"wp:term":[{"taxonomy":"category","embeddable":true,"href":"https:\/\/blogsaverroes.juntadeandalucia.es\/vicentealeixandre\/wp-json\/wp\/v2\/categories?post=2146"},{"taxonomy":"post_tag","embeddable":true,"href":"https:\/\/blogsaverroes.juntadeandalucia.es\/vicentealeixandre\/wp-json\/wp\/v2\/tags?post=2146"}],"curies":[{"name":"wp","href":"https:\/\/api.w.org\/{rel}","templated":true}]}}