{"id":2193,"date":"2020-09-05T10:02:36","date_gmt":"2020-09-05T10:02:36","guid":{"rendered":"https:\/\/blogsaverroes.juntadeandalucia.es\/vicentealeixandre\/?p=2193"},"modified":"2021-03-02T11:43:06","modified_gmt":"2021-03-02T11:43:06","slug":"protocolo-covid-19-aprobado","status":"publish","type":"post","link":"https:\/\/blogsaverroes.juntadeandalucia.es\/vicentealeixandre\/2020\/09\/05\/protocolo-covid-19-aprobado\/","title":{"rendered":"Protocolo COVID-19 aprobado"},"content":{"rendered":"<p>Estimadas familias:<\/p>\n<p>Publicamos el <a href=\"https:\/\/drive.google.com\/file\/d\/1EMmbj0PcPBONLDsG5ynegiKXney51T3W\/view?usp=sharing\"><strong>protocolo COVID (08\/02\/2021)<\/strong><\/a>&nbsp;del CEIP Vicente Aleixandre de La Algaba<\/p>\n<p>Dicho protocolo ha sido elaborado por el Equipo Directivo del centro durante todo el verano, siendo supervisado por la Comisi\u00f3n COVID que se ha establecido en el Centro y aprobado por el Consejo Escolar de nuestro centro el d\u00eda 4 de septiembre de 2020. Este documento se ir\u00e1 modificando a lo largo del a\u00f1o tras las reuniones de la Comisi\u00f3n COVID.<\/p>\n<p>Una vez aprobado, el protocolo pasa a formar parte del Plan de Centro y por tanto es de obligatorio cumplimiento por parte de todas las personas que formamos el centro: personal docente y no docente, familiares y alumnos\/as entre otros.<\/p>\n<p>Para su elaboraci\u00f3n se han tenido en consideraci\u00f3n las opiniones y aportaciones de todas las personas que trabajan en el Centro, personal docente y no docente, personas responsables del Ayuntamiento y de varias de las familias que componen el AMPA y por supuesto de toda la Comisi\u00f3n COVID.<\/p>\n<p>Se trata de un documento de 121 p\u00e1ginas (en su primera versi\u00f3n) y dada la situaci\u00f3n actual ser\u00eda muy conveniente que lo leyesen en su totalidad; pero para facilitar la asimilaci\u00f3n de las cuestiones m\u00e1s importantes, recibir\u00e1n en breve una informaci\u00f3n mucho m\u00e1s concisa, visual y de f\u00e1cil lectura sobre todas aquellas cuestiones que repercuten directamente a las familias.<\/p>\n<p>Sin m\u00e1s reciban un cordial saludo.<\/p>\n<p>Atentamente,<br \/>\nEl Equipo Directivo del CEIP Vicente Aleixandre<br \/>\n<strong><em>\u21d2 <a href=\"https:\/\/drive.google.com\/file\/d\/1EMmbj0PcPBONLDsG5ynegiKXney51T3W\/view?usp=sharing\">Acceso al documento (08\/02\/2021)<\/a><\/em><\/strong><\/p>\n","protected":false},"excerpt":{"rendered":"<p>Estimadas familias: Publicamos el protocolo COVID (08\/02\/2021)&nbsp;del CEIP Vicente Aleixandre de La Algaba Dicho protocolo ha sido elaborado por el Equipo Directivo del centro durante todo el verano, siendo supervisado por la Comisi\u00f3n COVID que se ha establecido en el Centro y aprobado por el Consejo Escolar de nuestro centro el d\u00eda 4 de septiembre &hellip; <\/p>\n<p><a class=\"more-link btn\" href=\"https:\/\/blogsaverroes.juntadeandalucia.es\/vicentealeixandre\/2020\/09\/05\/protocolo-covid-19-aprobado\/\">Seguir leyendo<\/a><\/p>\n","protected":false},"author":8121,"featured_media":2194,"comment_status":"open","ping_status":"open","sticky":false,"template":"","format":"standard","meta":{"ngg_post_thumbnail":0,"footnotes":""},"categories":[307390,526],"tags":[],"aioseo_notices":[],"_links":{"self":[{"href":"https:\/\/blogsaverroes.juntadeandalucia.es\/vicentealeixandre\/wp-json\/wp\/v2\/posts\/2193"}],"collection":[{"href":"https:\/\/blogsaverroes.juntadeandalucia.es\/vicentealeixandre\/wp-json\/wp\/v2\/posts"}],"about":[{"href":"https:\/\/blogsaverroes.juntadeandalucia.es\/vicentealeixandre\/wp-json\/wp\/v2\/types\/post"}],"author":[{"embeddable":true,"href":"https:\/\/blogsaverroes.juntadeandalucia.es\/vicentealeixandre\/wp-json\/wp\/v2\/users\/8121"}],"replies":[{"embeddable":true,"href":"https:\/\/blogsaverroes.juntadeandalucia.es\/vicentealeixandre\/wp-json\/wp\/v2\/comments?post=2193"}],"version-history":[{"count":5,"href":"https:\/\/blogsaverroes.juntadeandalucia.es\/vicentealeixandre\/wp-json\/wp\/v2\/posts\/2193\/revisions"}],"predecessor-version":[{"id":2266,"href":"https:\/\/blogsaverroes.juntadeandalucia.es\/vicentealeixandre\/wp-json\/wp\/v2\/posts\/2193\/revisions\/2266"}],"wp:featuredmedia":[{"embeddable":true,"href":"https:\/\/blogsaverroes.juntadeandalucia.es\/vicentealeixandre\/wp-json\/wp\/v2\/media\/2194"}],"wp:attachment":[{"href":"https:\/\/blogsaverroes.juntadeandalucia.es\/vicentealeixandre\/wp-json\/wp\/v2\/media?parent=2193"}],"wp:term":[{"taxonomy":"category","embeddable":true,"href":"https:\/\/blogsaverroes.juntadeandalucia.es\/vicentealeixandre\/wp-json\/wp\/v2\/categories?post=2193"},{"taxonomy":"post_tag","embeddable":true,"href":"https:\/\/blogsaverroes.juntadeandalucia.es\/vicentealeixandre\/wp-json\/wp\/v2\/tags?post=2193"}],"curies":[{"name":"wp","href":"https:\/\/api.w.org\/{rel}","templated":true}]}}