{"id":2735,"date":"2025-12-29T13:48:10","date_gmt":"2025-12-29T12:48:10","guid":{"rendered":"https:\/\/blogsaverroes.juntadeandalucia.es\/vicentealeixandre\/?p=2735"},"modified":"2026-03-05T23:24:49","modified_gmt":"2026-03-05T22:24:49","slug":"2735","status":"publish","type":"post","link":"https:\/\/blogsaverroes.juntadeandalucia.es\/vicentealeixandre\/2025\/12\/29\/2735\/","title":{"rendered":"Alumno del CEIP Vicente Aleixandre premiado en el concurso de cuentos \u201cPalabras para la Navidad\u201d de Radio Sevilla"},"content":{"rendered":"<div dir=\"auto\">\n<p data-start=\"428\" data-end=\"516\">\u00a1Terminamos el 2025 con una gran noticia en el <strong data-start=\"475\" data-end=\"515\">CEIP Vicente Aleixandre de La Algaba<\/strong>!<\/p>\n<p data-start=\"518\" data-end=\"843\">Nuestro alumno <strong data-start=\"533\" data-end=\"542\">Pablo<\/strong>, conocido en el colegio por dirigir y presentar el programa <a href=\"https:\/\/www.youtube.com\/playlist?list=PLfK_7BT1SI92jT259Ol8qBg_Vig3puGlI\"><strong data-start=\"603\" data-end=\"637\">\u201cCuriosidades de Los Simpsons\u201d<\/strong><\/a> junto a su compa\u00f1ero Manuel en la <a href=\"https:\/\/www.youtube.com\/@radioescolarvicentealeixandre\"><strong data-start=\"672\" data-end=\"708\">Radio Escolar Vicente Aleixandre<\/strong><\/a>, ha sido premiado en el prestigioso concurso de cuentos <strong data-start=\"765\" data-end=\"795\">\u201cPalabras para la Navidad\u201d<\/strong>, organizado por <strong data-start=\"812\" data-end=\"842\">Radio Sevilla (Cadena SER)<\/strong>.<a href=\"https:\/\/blogsaverroes.juntadeandalucia.es\/vicentealeixandre\/files\/2026\/03\/612608074_1424299613039182_4180981567183558124_n.jpg\"><img loading=\"lazy\" decoding=\"async\" class=\"size-medium wp-image-2736 alignnone\" src=\"https:\/\/blogsaverroes.juntadeandalucia.es\/vicentealeixandre\/files\/2026\/03\/612608074_1424299613039182_4180981567183558124_n-300x300.jpg\" alt=\"\" width=\"300\" height=\"300\" srcset=\"https:\/\/blogsaverroes.juntadeandalucia.es\/vicentealeixandre\/files\/2026\/03\/612608074_1424299613039182_4180981567183558124_n-300x300.jpg 300w, https:\/\/blogsaverroes.juntadeandalucia.es\/vicentealeixandre\/files\/2026\/03\/612608074_1424299613039182_4180981567183558124_n-1024x1024.jpg 1024w, https:\/\/blogsaverroes.juntadeandalucia.es\/vicentealeixandre\/files\/2026\/03\/612608074_1424299613039182_4180981567183558124_n-150x150.jpg 150w, https:\/\/blogsaverroes.juntadeandalucia.es\/vicentealeixandre\/files\/2026\/03\/612608074_1424299613039182_4180981567183558124_n-768x768.jpg 768w, https:\/\/blogsaverroes.juntadeandalucia.es\/vicentealeixandre\/files\/2026\/03\/612608074_1424299613039182_4180981567183558124_n-750x750.jpg 750w, https:\/\/blogsaverroes.juntadeandalucia.es\/vicentealeixandre\/files\/2026\/03\/612608074_1424299613039182_4180981567183558124_n.jpg 1440w\" sizes=\"(max-width: 300px) 100vw, 300px\" \/><\/a><\/p>\n<p data-start=\"845\" data-end=\"1065\">Este reconocimiento llega despu\u00e9s de su brillante participaci\u00f3n en el <strong data-start=\"915\" data-end=\"991\">certamen de cuentos de la Biblioteca Escolar del CEIP Vicente Aleixandre<\/strong>, donde el alumnado demuestra cada a\u00f1o su talento y creatividad literaria.<\/p>\n<p data-start=\"1067\" data-end=\"1328\">Desde el colegio queremos felicitar a <strong data-start=\"1105\" data-end=\"1162\">Pablo, a su familia y a todos sus maestros y maestras<\/strong> por este logro tan especial. Iniciativas como estas demuestran que la lectura, la escritura y la creatividad son pilares fundamentales de nuestro proyecto educativo.<\/p>\n<p data-start=\"1330\" data-end=\"1427\">En el <strong data-start=\"1336\" data-end=\"1376\">CEIP Vicente Aleixandre de La Algaba<\/strong> estamos muy orgullosos de ti, Pablo. \u00a1Enhorabuena!<\/p>\n<p data-start=\"1429\" data-end=\"1584\">Agradecemos tambi\u00e9n a <strong data-start=\"1451\" data-end=\"1481\">Radio Sevilla (Cadena SER)<\/strong> por impulsar actividades culturales que fomentan la creatividad y la participaci\u00f3n de los m\u00e1s j\u00f3venes.<\/p>\n<\/div>\n","protected":false},"excerpt":{"rendered":"<p>\u00a1Terminamos el 2025 con una gran noticia en el CEIP Vicente Aleixandre de La Algaba! Nuestro alumno Pablo, conocido en el colegio por dirigir y presentar el programa \u201cCuriosidades de Los Simpsons\u201d junto a su compa\u00f1ero Manuel en la Radio Escolar Vicente Aleixandre, ha sido premiado en el prestigioso concurso de cuentos \u201cPalabras para la &hellip; <\/p>\n<p><a class=\"more-link btn\" href=\"https:\/\/blogsaverroes.juntadeandalucia.es\/vicentealeixandre\/2025\/12\/29\/2735\/\">Seguir leyendo<\/a><\/p>\n","protected":false},"author":8121,"featured_media":0,"comment_status":"open","ping_status":"open","sticky":false,"template":"","format":"standard","meta":{"ngg_post_thumbnail":0,"footnotes":""},"categories":[213,25496,4177],"tags":[307418,307442],"aioseo_notices":[],"_links":{"self":[{"href":"https:\/\/blogsaverroes.juntadeandalucia.es\/vicentealeixandre\/wp-json\/wp\/v2\/posts\/2735"}],"collection":[{"href":"https:\/\/blogsaverroes.juntadeandalucia.es\/vicentealeixandre\/wp-json\/wp\/v2\/posts"}],"about":[{"href":"https:\/\/blogsaverroes.juntadeandalucia.es\/vicentealeixandre\/wp-json\/wp\/v2\/types\/post"}],"author":[{"embeddable":true,"href":"https:\/\/blogsaverroes.juntadeandalucia.es\/vicentealeixandre\/wp-json\/wp\/v2\/users\/8121"}],"replies":[{"embeddable":true,"href":"https:\/\/blogsaverroes.juntadeandalucia.es\/vicentealeixandre\/wp-json\/wp\/v2\/comments?post=2735"}],"version-history":[{"count":6,"href":"https:\/\/blogsaverroes.juntadeandalucia.es\/vicentealeixandre\/wp-json\/wp\/v2\/posts\/2735\/revisions"}],"predecessor-version":[{"id":2753,"href":"https:\/\/blogsaverroes.juntadeandalucia.es\/vicentealeixandre\/wp-json\/wp\/v2\/posts\/2735\/revisions\/2753"}],"wp:attachment":[{"href":"https:\/\/blogsaverroes.juntadeandalucia.es\/vicentealeixandre\/wp-json\/wp\/v2\/media?parent=2735"}],"wp:term":[{"taxonomy":"category","embeddable":true,"href":"https:\/\/blogsaverroes.juntadeandalucia.es\/vicentealeixandre\/wp-json\/wp\/v2\/categories?post=2735"},{"taxonomy":"post_tag","embeddable":true,"href":"https:\/\/blogsaverroes.juntadeandalucia.es\/vicentealeixandre\/wp-json\/wp\/v2\/tags?post=2735"}],"curies":[{"name":"wp","href":"https:\/\/api.w.org\/{rel}","templated":true}]}}