{"id":266,"date":"2021-10-29T11:36:50","date_gmt":"2021-10-29T11:36:50","guid":{"rendered":"https:\/\/blogsaverroes.juntadeandalucia.es\/vicentebilingual\/?p=266"},"modified":"2022-11-07T12:34:49","modified_gmt":"2022-11-07T12:34:49","slug":"its-halloween","status":"publish","type":"post","link":"https:\/\/blogsaverroes.juntadeandalucia.es\/vicentebilingual\/2021\/10\/29\/its-halloween\/","title":{"rendered":"Halloween 2021"},"content":{"rendered":"<p>Halloween es una fiesta celebrada cada 31 de octubre cuyo origen se sit\u00faa en el festival celta Samhain, donde las personas se disfrazaban para asustar a los fantasmas. La noche antes del D\u00eda de Todos los Santos era conocida como la Noche de todas las Almas (All Hallows Eve), la cual m\u00e1s tarde pasar\u00eda a llamarse Halloween.<\/p>\n<p><span style=\"font-weight: 400\">Como centro biling\u00fce que somos, uno de nuestros objetivos no puede ser otro que fomentar la cultura de otros pa\u00edses. Halloween es una de esas celebraciones que nos permiten integrar la lengua y la cultura inglesa, motivar al alumnado y desarrollar la competencia intercultural.&nbsp;&nbsp;<\/span><\/p>\n<p><span style=\"font-weight: 400\">A continuaci\u00f3n, se detalla la programaci\u00f3n de actividades realizadas en nuestro centro este a\u00f1o:<\/span><\/p>\n<ul>\n<li><strong>Actividades con los auxiliares de conversaci\u00f3n<\/strong><\/li>\n<\/ul>\n<p>Micah nos ayud\u00f3 a crear nuestra propia pumpking con tan solo un folio mientras que T\u00e9moc nos habl\u00f3 del D\u00eda de los Muertos en M\u00e9xico, mencion\u00e1ndonos c\u00f3mo se celebra, c\u00f3mo se crea el altar y qu\u00e9 significa para los mexicanos este d\u00eda.&nbsp;<\/p>\n<ul>\n<li><strong>T\u00fanel del terror<\/strong><\/li>\n<\/ul>\n<p><span style=\"font-weight: 400\">En colaboraci\u00f3n con el AMPA, este t\u00fanel se situ\u00f3 en el Edificio de Direcci\u00f3n y todo el alumnado del centro que as\u00ed lo quiso pudo ir a visitarlo.<\/span><\/p>\n<ul>\n<li><strong>Healthy Spooky Breakfast<\/strong><\/li>\n<\/ul>\n<p><span style=\"font-weight: 400\">El viernes 29 de octubre se realiz\u00f3 un desayuno terror\u00edfico saludable. Ese d\u00eda, el alumnado trajo un desayuno saludable con tem\u00e1tica de Halloween que pudo ense\u00f1ar al resto de sus compa\u00f1eros y compa\u00f1eras.<\/span><\/p>\n<p><span style=\"font-weight: 400\">Adem\u00e1s, ese mismo d\u00eda 29 de octubre, todo el alumnado vino disfrazado al centro. Aqu\u00ed os dejamos algunas fotos.&nbsp;<\/span><\/p>\n<p style=\"text-align: center\"><strong>Happy Halloween!<\/strong><\/p>\n<div id='gallery-1' class='gallery galleryid-266 gallery-columns-3 gallery-size-thumbnail'><figure class='gallery-item'>\n\t\t\t<div class='gallery-icon landscape'>\n\t\t\t\t<a href='https:\/\/blogsaverroes.juntadeandalucia.es\/vicentebilingual\/2021\/10\/29\/its-halloween\/img-1317\/'><img loading=\"lazy\" decoding=\"async\" width=\"150\" height=\"150\" src=\"https:\/\/blogsaverroes.juntadeandalucia.es\/vicentebilingual\/files\/2021\/10\/IMG-1317-150x150.jpg\" class=\"attachment-thumbnail size-thumbnail\" alt=\"\" aria-describedby=\"gallery-1-297\" srcset=\"https:\/\/blogsaverroes.juntadeandalucia.es\/vicentebilingual\/files\/2021\/10\/IMG-1317-150x150.jpg 150w, https:\/\/blogsaverroes.juntadeandalucia.es\/vicentebilingual\/files\/2021\/10\/IMG-1317-80x80.jpg 80w, https:\/\/blogsaverroes.juntadeandalucia.es\/vicentebilingual\/files\/2021\/10\/IMG-1317-320x320.jpg 320w\" sizes=\"(max-width: 150px) 100vw, 150px\" \/><\/a>\n\t\t\t<\/div>\n\t\t\t\t<figcaption class='wp-caption-text gallery-caption' id='gallery-1-297'>\n\t\t\t\tMicah explicando sobre c\u00f3mo celebra Halloween\n\t\t\t\t<\/figcaption><\/figure><figure class='gallery-item'>\n\t\t\t<div class='gallery-icon portrait'>\n\t\t\t\t<a href='https:\/\/blogsaverroes.juntadeandalucia.es\/vicentebilingual\/2021\/10\/29\/its-halloween\/img-1320\/'><img loading=\"lazy\" decoding=\"async\" width=\"150\" height=\"150\" src=\"https:\/\/blogsaverroes.juntadeandalucia.es\/vicentebilingual\/files\/2021\/10\/IMG-1320-150x150.jpg\" class=\"attachment-thumbnail size-thumbnail\" alt=\"\" aria-describedby=\"gallery-1-298\" srcset=\"https:\/\/blogsaverroes.juntadeandalucia.es\/vicentebilingual\/files\/2021\/10\/IMG-1320-150x150.jpg 150w, https:\/\/blogsaverroes.juntadeandalucia.es\/vicentebilingual\/files\/2021\/10\/IMG-1320-80x80.jpg 80w, https:\/\/blogsaverroes.juntadeandalucia.es\/vicentebilingual\/files\/2021\/10\/IMG-1320-320x320.jpg 320w\" sizes=\"(max-width: 150px) 100vw, 150px\" \/><\/a>\n\t\t\t<\/div>\n\t\t\t\t<figcaption class='wp-caption-text gallery-caption' id='gallery-1-298'>\n\t\t\t\tPasos para construir nuestra calabaza\n\t\t\t\t<\/figcaption><\/figure><figure class='gallery-item'>\n\t\t\t<div class='gallery-icon portrait'>\n\t\t\t\t<a href='https:\/\/blogsaverroes.juntadeandalucia.es\/vicentebilingual\/2021\/10\/29\/its-halloween\/img-1321\/'><img loading=\"lazy\" decoding=\"async\" width=\"150\" height=\"150\" src=\"https:\/\/blogsaverroes.juntadeandalucia.es\/vicentebilingual\/files\/2021\/10\/IMG-1321-150x150.jpg\" class=\"attachment-thumbnail size-thumbnail\" alt=\"\" aria-describedby=\"gallery-1-299\" srcset=\"https:\/\/blogsaverroes.juntadeandalucia.es\/vicentebilingual\/files\/2021\/10\/IMG-1321-150x150.jpg 150w, https:\/\/blogsaverroes.juntadeandalucia.es\/vicentebilingual\/files\/2021\/10\/IMG-1321-80x80.jpg 80w, https:\/\/blogsaverroes.juntadeandalucia.es\/vicentebilingual\/files\/2021\/10\/IMG-1321-320x320.jpg 320w\" sizes=\"(max-width: 150px) 100vw, 150px\" \/><\/a>\n\t\t\t<\/div>\n\t\t\t\t<figcaption class='wp-caption-text gallery-caption' id='gallery-1-299'>\n\t\t\t\tAlumna construyendo su calabaza\n\t\t\t\t<\/figcaption><\/figure><figure class='gallery-item'>\n\t\t\t<div class='gallery-icon portrait'>\n\t\t\t\t<a href='https:\/\/blogsaverroes.juntadeandalucia.es\/vicentebilingual\/2021\/10\/29\/its-halloween\/img-1323\/'><img loading=\"lazy\" decoding=\"async\" width=\"150\" height=\"150\" src=\"https:\/\/blogsaverroes.juntadeandalucia.es\/vicentebilingual\/files\/2021\/10\/IMG-1323-150x150.jpg\" class=\"attachment-thumbnail size-thumbnail\" alt=\"\" aria-describedby=\"gallery-1-300\" srcset=\"https:\/\/blogsaverroes.juntadeandalucia.es\/vicentebilingual\/files\/2021\/10\/IMG-1323-150x150.jpg 150w, https:\/\/blogsaverroes.juntadeandalucia.es\/vicentebilingual\/files\/2021\/10\/IMG-1323-80x80.jpg 80w, https:\/\/blogsaverroes.juntadeandalucia.es\/vicentebilingual\/files\/2021\/10\/IMG-1323-320x320.jpg 320w\" sizes=\"(max-width: 150px) 100vw, 150px\" \/><\/a>\n\t\t\t<\/div>\n\t\t\t\t<figcaption class='wp-caption-text gallery-caption' id='gallery-1-300'>\n\t\t\t\tCalabaza finalizada\n\t\t\t\t<\/figcaption><\/figure><figure class='gallery-item'>\n\t\t\t<div class='gallery-icon landscape'>\n\t\t\t\t<a href='https:\/\/blogsaverroes.juntadeandalucia.es\/vicentebilingual\/2021\/10\/29\/its-halloween\/img-1324\/'><img loading=\"lazy\" decoding=\"async\" width=\"150\" height=\"150\" src=\"https:\/\/blogsaverroes.juntadeandalucia.es\/vicentebilingual\/files\/2021\/10\/IMG-1324-scaled-e1636361041277-150x150.jpg\" class=\"attachment-thumbnail size-thumbnail\" alt=\"\" aria-describedby=\"gallery-1-301\" srcset=\"https:\/\/blogsaverroes.juntadeandalucia.es\/vicentebilingual\/files\/2021\/10\/IMG-1324-scaled-e1636361041277-150x150.jpg 150w, https:\/\/blogsaverroes.juntadeandalucia.es\/vicentebilingual\/files\/2021\/10\/IMG-1324-scaled-e1636361041277-80x80.jpg 80w, https:\/\/blogsaverroes.juntadeandalucia.es\/vicentebilingual\/files\/2021\/10\/IMG-1324-scaled-e1636361041277-320x320.jpg 320w\" sizes=\"(max-width: 150px) 100vw, 150px\" \/><\/a>\n\t\t\t<\/div>\n\t\t\t\t<figcaption class='wp-caption-text gallery-caption' id='gallery-1-301'>\n\t\t\t\tT\u00e9moc hablando sobre el D\u00eda de los Muertos en M\u00e9xico a alumnado de 6\u00ba\n\t\t\t\t<\/figcaption><\/figure><figure class='gallery-item'>\n\t\t\t<div class='gallery-icon portrait'>\n\t\t\t\t<a href='https:\/\/blogsaverroes.juntadeandalucia.es\/vicentebilingual\/2021\/10\/29\/its-halloween\/unnamed\/'><img loading=\"lazy\" decoding=\"async\" width=\"150\" height=\"150\" src=\"https:\/\/blogsaverroes.juntadeandalucia.es\/vicentebilingual\/files\/2021\/10\/unnamed-150x150.jpeg\" class=\"attachment-thumbnail size-thumbnail\" alt=\"\" aria-describedby=\"gallery-1-296\" srcset=\"https:\/\/blogsaverroes.juntadeandalucia.es\/vicentebilingual\/files\/2021\/10\/unnamed-150x150.jpeg 150w, https:\/\/blogsaverroes.juntadeandalucia.es\/vicentebilingual\/files\/2021\/10\/unnamed-80x80.jpeg 80w, https:\/\/blogsaverroes.juntadeandalucia.es\/vicentebilingual\/files\/2021\/10\/unnamed-320x320.jpeg 320w\" sizes=\"(max-width: 150px) 100vw, 150px\" \/><\/a>\n\t\t\t<\/div>\n\t\t\t\t<figcaption class='wp-caption-text gallery-caption' id='gallery-1-296'>\n\t\t\t\tDesayuno terror\u00edfico\n\t\t\t\t<\/figcaption><\/figure><figure class='gallery-item'>\n\t\t\t<div class='gallery-icon landscape'>\n\t\t\t\t<a href='https:\/\/blogsaverroes.juntadeandalucia.es\/vicentebilingual\/2021\/10\/29\/its-halloween\/20211027_083244\/'><img loading=\"lazy\" decoding=\"async\" width=\"150\" height=\"150\" src=\"https:\/\/blogsaverroes.juntadeandalucia.es\/vicentebilingual\/files\/2021\/10\/20211027_083244-150x150.jpg\" class=\"attachment-thumbnail size-thumbnail\" alt=\"\" aria-describedby=\"gallery-1-288\" srcset=\"https:\/\/blogsaverroes.juntadeandalucia.es\/vicentebilingual\/files\/2021\/10\/20211027_083244-150x150.jpg 150w, https:\/\/blogsaverroes.juntadeandalucia.es\/vicentebilingual\/files\/2021\/10\/20211027_083244-80x80.jpg 80w, https:\/\/blogsaverroes.juntadeandalucia.es\/vicentebilingual\/files\/2021\/10\/20211027_083244-320x320.jpg 320w\" sizes=\"(max-width: 150px) 100vw, 150px\" \/><\/a>\n\t\t\t<\/div>\n\t\t\t\t<figcaption class='wp-caption-text gallery-caption' id='gallery-1-288'>\n\t\t\t\tEntrada del T\u00fanel del Terror\n\t\t\t\t<\/figcaption><\/figure><figure class='gallery-item'>\n\t\t\t<div class='gallery-icon portrait'>\n\t\t\t\t<a href='https:\/\/blogsaverroes.juntadeandalucia.es\/vicentebilingual\/2021\/10\/29\/its-halloween\/8493b1fe-5d8e-471c-b85c-78948205350c\/'><img loading=\"lazy\" decoding=\"async\" width=\"150\" height=\"150\" src=\"https:\/\/blogsaverroes.juntadeandalucia.es\/vicentebilingual\/files\/2021\/10\/8493b1fe-5d8e-471c-b85c-78948205350c-150x150.jpg\" class=\"attachment-thumbnail size-thumbnail\" alt=\"\" srcset=\"https:\/\/blogsaverroes.juntadeandalucia.es\/vicentebilingual\/files\/2021\/10\/8493b1fe-5d8e-471c-b85c-78948205350c-150x150.jpg 150w, https:\/\/blogsaverroes.juntadeandalucia.es\/vicentebilingual\/files\/2021\/10\/8493b1fe-5d8e-471c-b85c-78948205350c-80x80.jpg 80w, https:\/\/blogsaverroes.juntadeandalucia.es\/vicentebilingual\/files\/2021\/10\/8493b1fe-5d8e-471c-b85c-78948205350c-320x320.jpg 320w\" sizes=\"(max-width: 150px) 100vw, 150px\" \/><\/a>\n\t\t\t<\/div><\/figure><figure class='gallery-item'>\n\t\t\t<div class='gallery-icon landscape'>\n\t\t\t\t<a href='https:\/\/blogsaverroes.juntadeandalucia.es\/vicentebilingual\/2021\/10\/29\/its-halloween\/470de230-5820-4ed1-860c-69b4c939c1bf\/'><img loading=\"lazy\" decoding=\"async\" width=\"150\" height=\"150\" src=\"https:\/\/blogsaverroes.juntadeandalucia.es\/vicentebilingual\/files\/2021\/10\/470de230-5820-4ed1-860c-69b4c939c1bf-150x150.jpg\" class=\"attachment-thumbnail size-thumbnail\" alt=\"\" srcset=\"https:\/\/blogsaverroes.juntadeandalucia.es\/vicentebilingual\/files\/2021\/10\/470de230-5820-4ed1-860c-69b4c939c1bf-150x150.jpg 150w, https:\/\/blogsaverroes.juntadeandalucia.es\/vicentebilingual\/files\/2021\/10\/470de230-5820-4ed1-860c-69b4c939c1bf-80x80.jpg 80w, https:\/\/blogsaverroes.juntadeandalucia.es\/vicentebilingual\/files\/2021\/10\/470de230-5820-4ed1-860c-69b4c939c1bf-320x320.jpg 320w\" sizes=\"(max-width: 150px) 100vw, 150px\" \/><\/a>\n\t\t\t<\/div><\/figure><figure class='gallery-item'>\n\t\t\t<div class='gallery-icon landscape'>\n\t\t\t\t<a href='https:\/\/blogsaverroes.juntadeandalucia.es\/vicentebilingual\/2021\/10\/29\/its-halloween\/whatsapp-image-2021-10-28-at-12-38-11\/'><img loading=\"lazy\" decoding=\"async\" width=\"150\" height=\"150\" src=\"https:\/\/blogsaverroes.juntadeandalucia.es\/vicentebilingual\/files\/2021\/10\/WhatsApp-Image-2021-10-28-at-12.38.11-150x150.jpg\" class=\"attachment-thumbnail size-thumbnail\" alt=\"\" srcset=\"https:\/\/blogsaverroes.juntadeandalucia.es\/vicentebilingual\/files\/2021\/10\/WhatsApp-Image-2021-10-28-at-12.38.11-150x150.jpg 150w, https:\/\/blogsaverroes.juntadeandalucia.es\/vicentebilingual\/files\/2021\/10\/WhatsApp-Image-2021-10-28-at-12.38.11-80x80.jpg 80w, https:\/\/blogsaverroes.juntadeandalucia.es\/vicentebilingual\/files\/2021\/10\/WhatsApp-Image-2021-10-28-at-12.38.11-320x320.jpg 320w\" sizes=\"(max-width: 150px) 100vw, 150px\" \/><\/a>\n\t\t\t<\/div><\/figure><figure class='gallery-item'>\n\t\t\t<div class='gallery-icon portrait'>\n\t\t\t\t<a href='https:\/\/blogsaverroes.juntadeandalucia.es\/vicentebilingual\/2021\/10\/29\/its-halloween\/20211027_083347\/'><img loading=\"lazy\" decoding=\"async\" width=\"150\" height=\"150\" src=\"https:\/\/blogsaverroes.juntadeandalucia.es\/vicentebilingual\/files\/2021\/10\/20211027_083347-150x150.jpg\" class=\"attachment-thumbnail size-thumbnail\" alt=\"\" aria-describedby=\"gallery-1-289\" srcset=\"https:\/\/blogsaverroes.juntadeandalucia.es\/vicentebilingual\/files\/2021\/10\/20211027_083347-150x150.jpg 150w, https:\/\/blogsaverroes.juntadeandalucia.es\/vicentebilingual\/files\/2021\/10\/20211027_083347-80x80.jpg 80w, https:\/\/blogsaverroes.juntadeandalucia.es\/vicentebilingual\/files\/2021\/10\/20211027_083347-320x320.jpg 320w\" sizes=\"(max-width: 150px) 100vw, 150px\" \/><\/a>\n\t\t\t<\/div>\n\t\t\t\t<figcaption class='wp-caption-text gallery-caption' id='gallery-1-289'>\n\t\t\t\tCementerio Zombie\n\t\t\t\t<\/figcaption><\/figure><figure class='gallery-item'>\n\t\t\t<div class='gallery-icon landscape'>\n\t\t\t\t<a href='https:\/\/blogsaverroes.juntadeandalucia.es\/vicentebilingual\/2021\/10\/29\/its-halloween\/20211029_092728\/'><img loading=\"lazy\" decoding=\"async\" width=\"150\" height=\"150\" src=\"https:\/\/blogsaverroes.juntadeandalucia.es\/vicentebilingual\/files\/2021\/10\/20211029_092728-150x150.jpg\" class=\"attachment-thumbnail size-thumbnail\" alt=\"\" aria-describedby=\"gallery-1-291\" srcset=\"https:\/\/blogsaverroes.juntadeandalucia.es\/vicentebilingual\/files\/2021\/10\/20211029_092728-150x150.jpg 150w, https:\/\/blogsaverroes.juntadeandalucia.es\/vicentebilingual\/files\/2021\/10\/20211029_092728-80x80.jpg 80w, https:\/\/blogsaverroes.juntadeandalucia.es\/vicentebilingual\/files\/2021\/10\/20211029_092728-320x320.jpg 320w\" sizes=\"(max-width: 150px) 100vw, 150px\" \/><\/a>\n\t\t\t<\/div>\n\t\t\t\t<figcaption class='wp-caption-text gallery-caption' id='gallery-1-291'>\n\t\t\t\tProfesorado disfrazado\n\t\t\t\t<\/figcaption><\/figure><figure class='gallery-item'>\n\t\t\t<div class='gallery-icon landscape'>\n\t\t\t\t<a href='https:\/\/blogsaverroes.juntadeandalucia.es\/vicentebilingual\/2021\/10\/29\/its-halloween\/20211029_093142\/'><img loading=\"lazy\" decoding=\"async\" width=\"150\" height=\"150\" src=\"https:\/\/blogsaverroes.juntadeandalucia.es\/vicentebilingual\/files\/2021\/10\/20211029_093142-150x150.jpg\" class=\"attachment-thumbnail size-thumbnail\" alt=\"\" aria-describedby=\"gallery-1-292\" srcset=\"https:\/\/blogsaverroes.juntadeandalucia.es\/vicentebilingual\/files\/2021\/10\/20211029_093142-150x150.jpg 150w, https:\/\/blogsaverroes.juntadeandalucia.es\/vicentebilingual\/files\/2021\/10\/20211029_093142-80x80.jpg 80w, https:\/\/blogsaverroes.juntadeandalucia.es\/vicentebilingual\/files\/2021\/10\/20211029_093142-320x320.jpg 320w\" sizes=\"(max-width: 150px) 100vw, 150px\" \/><\/a>\n\t\t\t<\/div>\n\t\t\t\t<figcaption class='wp-caption-text gallery-caption' id='gallery-1-292'>\n\t\t\t\tProfesorado disfrazado\n\t\t\t\t<\/figcaption><\/figure><figure class='gallery-item'>\n\t\t\t<div class='gallery-icon landscape'>\n\t\t\t\t<a href='https:\/\/blogsaverroes.juntadeandalucia.es\/vicentebilingual\/2021\/10\/29\/its-halloween\/c83ebc15-7698-47da-9064-e025b211c310\/'><img loading=\"lazy\" decoding=\"async\" width=\"150\" height=\"150\" src=\"https:\/\/blogsaverroes.juntadeandalucia.es\/vicentebilingual\/files\/2021\/10\/c83ebc15-7698-47da-9064-e025b211c310-150x150.jpg\" class=\"attachment-thumbnail size-thumbnail\" alt=\"\" srcset=\"https:\/\/blogsaverroes.juntadeandalucia.es\/vicentebilingual\/files\/2021\/10\/c83ebc15-7698-47da-9064-e025b211c310-150x150.jpg 150w, https:\/\/blogsaverroes.juntadeandalucia.es\/vicentebilingual\/files\/2021\/10\/c83ebc15-7698-47da-9064-e025b211c310-80x80.jpg 80w, https:\/\/blogsaverroes.juntadeandalucia.es\/vicentebilingual\/files\/2021\/10\/c83ebc15-7698-47da-9064-e025b211c310-320x320.jpg 320w\" sizes=\"(max-width: 150px) 100vw, 150px\" \/><\/a>\n\t\t\t<\/div><\/figure>\n\t\t<\/div>\n\n<p>&nbsp;<\/p>\n<p>&nbsp;<\/p>\n<p>Source: <a href=\"https:\/\/www.history.com\/topics\/halloween\/history-of-halloween\">https:\/\/www.history.com\/topics\/halloween\/history-of-halloween<\/a><\/p>\n","protected":false},"excerpt":{"rendered":"<p>Halloween es una fiesta celebrada cada 31 de octubre cuyo origen se sit\u00faa en el festival celta Samhain, donde las personas se disfrazaban para asustar&hellip;<\/p>\n","protected":false},"author":13585,"featured_media":267,"comment_status":"open","ping_status":"open","sticky":false,"template":"","format":"standard","meta":{"ngg_post_thumbnail":0,"footnotes":""},"categories":[1504312,1504530],"tags":[],"aioseo_notices":[],"_links":{"self":[{"href":"https:\/\/blogsaverroes.juntadeandalucia.es\/vicentebilingual\/wp-json\/wp\/v2\/posts\/266"}],"collection":[{"href":"https:\/\/blogsaverroes.juntadeandalucia.es\/vicentebilingual\/wp-json\/wp\/v2\/posts"}],"about":[{"href":"https:\/\/blogsaverroes.juntadeandalucia.es\/vicentebilingual\/wp-json\/wp\/v2\/types\/post"}],"author":[{"embeddable":true,"href":"https:\/\/blogsaverroes.juntadeandalucia.es\/vicentebilingual\/wp-json\/wp\/v2\/users\/13585"}],"replies":[{"embeddable":true,"href":"https:\/\/blogsaverroes.juntadeandalucia.es\/vicentebilingual\/wp-json\/wp\/v2\/comments?post=266"}],"version-history":[{"count":14,"href":"https:\/\/blogsaverroes.juntadeandalucia.es\/vicentebilingual\/wp-json\/wp\/v2\/posts\/266\/revisions"}],"predecessor-version":[{"id":686,"href":"https:\/\/blogsaverroes.juntadeandalucia.es\/vicentebilingual\/wp-json\/wp\/v2\/posts\/266\/revisions\/686"}],"wp:featuredmedia":[{"embeddable":true,"href":"https:\/\/blogsaverroes.juntadeandalucia.es\/vicentebilingual\/wp-json\/wp\/v2\/media\/267"}],"wp:attachment":[{"href":"https:\/\/blogsaverroes.juntadeandalucia.es\/vicentebilingual\/wp-json\/wp\/v2\/media?parent=266"}],"wp:term":[{"taxonomy":"category","embeddable":true,"href":"https:\/\/blogsaverroes.juntadeandalucia.es\/vicentebilingual\/wp-json\/wp\/v2\/categories?post=266"},{"taxonomy":"post_tag","embeddable":true,"href":"https:\/\/blogsaverroes.juntadeandalucia.es\/vicentebilingual\/wp-json\/wp\/v2\/tags?post=266"}],"curies":[{"name":"wp","href":"https:\/\/api.w.org\/{rel}","templated":true}]}}