{"id":314,"date":"2021-11-19T10:11:53","date_gmt":"2021-11-19T10:11:53","guid":{"rendered":"https:\/\/blogsaverroes.juntadeandalucia.es\/vicentebilingual\/?p=314"},"modified":"2022-03-22T18:21:53","modified_gmt":"2022-03-22T18:21:53","slug":"hello-by-micah","status":"publish","type":"post","link":"https:\/\/blogsaverroes.juntadeandalucia.es\/vicentebilingual\/2021\/11\/19\/hello-by-micah\/","title":{"rendered":"Hello! by Micah (2021-22)"},"content":{"rendered":"<p>Micah es nuestra auxiliar de conversaci\u00f3n en 2\u00ba y 3\u00ba ciclo. Aqu\u00ed podemos conocerla un poco m\u00e1s:<\/p>\n<blockquote><p><em><span style=\"font-weight: 400\">Hello! I\u00b4m Micah, one of the English language assistants at CEIP Vicente Aleixandre. This is my second year at this school and I am so happy to be back! I am from Louisville, Kentucky in the USA and I am 25 years old. I went to DePaul University in Chicago and studied Spanish and Women\u00b4s and Gender Studies. I moved to Spain in 2018 and I have lived in Seville and Pontevedra, Galicia. I loved Seville so much that I decided to stay. I\u00b4m very excited to continue working with the kids of Vicente Aleixandre this school year.<\/span><\/em><\/p>\n<p>\u00a1Hola! Soy Micah, una de las auxiliares de conversaci\u00f3n en el CEIP Vicente Aleixandre. Este es mi segundo a\u00f1o en el colegio y \u00a1estoy muy feliz de volver! Soy de Louisville, Kentucky en Estados Unidos y tengo 25 a\u00f1os. Fui a la Universidad DePaul en Chicago y estudi\u00e9 Espa\u00f1ol y Estudios de G\u00e9nero y de la Mujer. Me mud\u00e9 a Espa\u00f1a en 2018 y he vivido en Sevilla y en Pontevedra, Galicia. Me encanta Espa\u00f1a por lo que decid\u00ed quedarme. Estoy ilusionada por continuar trabajando con los alumnos y alumnas del Vicente este curso escolar.&nbsp;<\/p><\/blockquote>\n<p><a href=\"https:\/\/blogsaverroes.juntadeandalucia.es\/vicentebilingual\/files\/2021\/11\/IMG_1316-scaled.jpeg\"><img loading=\"lazy\" decoding=\"async\" class=\"size-medium wp-image-315 aligncenter\" src=\"https:\/\/blogsaverroes.juntadeandalucia.es\/vicentebilingual\/files\/2021\/11\/IMG_1316-300x225.jpeg\" alt=\"\" width=\"300\" height=\"225\" srcset=\"https:\/\/blogsaverroes.juntadeandalucia.es\/vicentebilingual\/files\/2021\/11\/IMG_1316-300x225.jpeg 300w, https:\/\/blogsaverroes.juntadeandalucia.es\/vicentebilingual\/files\/2021\/11\/IMG_1316-1024x768.jpeg 1024w, https:\/\/blogsaverroes.juntadeandalucia.es\/vicentebilingual\/files\/2021\/11\/IMG_1316-768x576.jpeg 768w, https:\/\/blogsaverroes.juntadeandalucia.es\/vicentebilingual\/files\/2021\/11\/IMG_1316-1536x1152.jpeg 1536w, https:\/\/blogsaverroes.juntadeandalucia.es\/vicentebilingual\/files\/2021\/11\/IMG_1316-2048x1536.jpeg 2048w, https:\/\/blogsaverroes.juntadeandalucia.es\/vicentebilingual\/files\/2021\/11\/IMG_1316-scaled.jpeg 1600w\" sizes=\"(max-width: 300px) 100vw, 300px\" \/><\/a><\/p>\n<p><a href=\"https:\/\/blogsaverroes.juntadeandalucia.es\/vicentebilingual\/files\/2022\/03\/AndaluaciaEuropa.jpg\"><img loading=\"lazy\" decoding=\"async\" class=\"alignnone size-medium wp-image-530\" src=\"https:\/\/blogsaverroes.juntadeandalucia.es\/vicentebilingual\/files\/2022\/03\/AndaluaciaEuropa-300x114.jpg\" alt=\"\" width=\"300\" height=\"114\" srcset=\"https:\/\/blogsaverroes.juntadeandalucia.es\/vicentebilingual\/files\/2022\/03\/AndaluaciaEuropa-300x114.jpg 300w, https:\/\/blogsaverroes.juntadeandalucia.es\/vicentebilingual\/files\/2022\/03\/AndaluaciaEuropa.jpg 640w\" sizes=\"(max-width: 300px) 100vw, 300px\" \/><\/a> <a href=\"https:\/\/blogsaverroes.juntadeandalucia.es\/vicentebilingual\/files\/2022\/03\/Logo-junta-de-andalucia.png\"><img loading=\"lazy\" decoding=\"async\" class=\"alignnone  wp-image-529\" src=\"https:\/\/blogsaverroes.juntadeandalucia.es\/vicentebilingual\/files\/2022\/03\/Logo-junta-de-andalucia.png\" alt=\"\" width=\"159\" height=\"128\"><\/a><\/p>\n","protected":false},"excerpt":{"rendered":"<p>Micah es nuestra auxiliar de conversaci\u00f3n en 2\u00ba y 3\u00ba ciclo. Aqu\u00ed podemos conocerla un poco m\u00e1s: Hello! I\u00b4m Micah, one of the English language&hellip;<\/p>\n","protected":false},"author":13585,"featured_media":297,"comment_status":"open","ping_status":"open","sticky":false,"template":"","format":"standard","meta":{"ngg_post_thumbnail":0,"footnotes":""},"categories":[612612,1504530],"tags":[],"aioseo_notices":[],"_links":{"self":[{"href":"https:\/\/blogsaverroes.juntadeandalucia.es\/vicentebilingual\/wp-json\/wp\/v2\/posts\/314"}],"collection":[{"href":"https:\/\/blogsaverroes.juntadeandalucia.es\/vicentebilingual\/wp-json\/wp\/v2\/posts"}],"about":[{"href":"https:\/\/blogsaverroes.juntadeandalucia.es\/vicentebilingual\/wp-json\/wp\/v2\/types\/post"}],"author":[{"embeddable":true,"href":"https:\/\/blogsaverroes.juntadeandalucia.es\/vicentebilingual\/wp-json\/wp\/v2\/users\/13585"}],"replies":[{"embeddable":true,"href":"https:\/\/blogsaverroes.juntadeandalucia.es\/vicentebilingual\/wp-json\/wp\/v2\/comments?post=314"}],"version-history":[{"count":3,"href":"https:\/\/blogsaverroes.juntadeandalucia.es\/vicentebilingual\/wp-json\/wp\/v2\/posts\/314\/revisions"}],"predecessor-version":[{"id":535,"href":"https:\/\/blogsaverroes.juntadeandalucia.es\/vicentebilingual\/wp-json\/wp\/v2\/posts\/314\/revisions\/535"}],"wp:featuredmedia":[{"embeddable":true,"href":"https:\/\/blogsaverroes.juntadeandalucia.es\/vicentebilingual\/wp-json\/wp\/v2\/media\/297"}],"wp:attachment":[{"href":"https:\/\/blogsaverroes.juntadeandalucia.es\/vicentebilingual\/wp-json\/wp\/v2\/media?parent=314"}],"wp:term":[{"taxonomy":"category","embeddable":true,"href":"https:\/\/blogsaverroes.juntadeandalucia.es\/vicentebilingual\/wp-json\/wp\/v2\/categories?post=314"},{"taxonomy":"post_tag","embeddable":true,"href":"https:\/\/blogsaverroes.juntadeandalucia.es\/vicentebilingual\/wp-json\/wp\/v2\/tags?post=314"}],"curies":[{"name":"wp","href":"https:\/\/api.w.org\/{rel}","templated":true}]}}