{"id":117,"date":"2020-11-24T11:09:07","date_gmt":"2020-11-24T11:09:07","guid":{"rendered":"https:\/\/blogsaverroes.juntadeandalucia.es\/vidassaludables\/?p=117"},"modified":"2020-11-24T11:09:07","modified_gmt":"2020-11-24T11:09:07","slug":"consejos-para-una-pandemia","status":"publish","type":"post","link":"https:\/\/blogsaverroes.juntadeandalucia.es\/vidassaludables\/2020\/11\/24\/consejos-para-una-pandemia\/","title":{"rendered":"Consejos para una pandemia"},"content":{"rendered":"<p>Ayer mismo le\u00edamos en El Diario un peque\u00f1o art\u00edculo que resume ese concepto de <strong>fatiga pand\u00e9mica,<\/strong> de la que ya habr\u00e9is escuchado hablar, originada por la larga duraci\u00f3n del problema en el que andamos metidos. Aqu\u00ed se recogen algunos de los p\u00e1rrafos m\u00e1s interesnates del mismo:<\/p>\n<blockquote><p>&#8230;<\/p>\n<p>Despu\u00e9s de ocho meses, con una evoluci\u00f3n desigual y un verano at\u00edpico en el que el coronavirus ha estado m\u00e1s presente de lo que se calculaba, y de lleno en la segunda ola, surge el t\u00e9rmino \u00abfatiga pand\u00e9mica\u00bb, un concepto que la Organizaci\u00f3n Mundial de la Salud (OMS) define como <strong>\u00abdesmotivaci\u00f3n para seguir las recomendaciones de protecci\u00f3n y prevenci\u00f3n que aumenta con el tiempo\u00bb.<\/strong><\/p>\n<p>Seg\u00fan los expertos, la fatiga pand\u00e9mica es una <strong>respuesta natural y esperada<\/strong> a una crisis de salud p\u00fablica prolongada y cuya gravedad ha obligado a implementar medidas restrictivas que han tenido un fuerte impacto en todas las personas, incluso en aquellas que no se han visto afectadas de forma directa.<\/p>\n<p>En concreto, y seg\u00fan los datos de una encuesta de la OMS, la fatiga emocional est\u00e1 afectando al<strong> 60% de la poblaci\u00f3n europea.<\/strong><\/p>\n<p>&#8230;<\/p>\n<p>Hemos pasado del miedo y la resignaci\u00f3n que hab\u00eda durante la primavera, en los inicios de la crisis, a la fatiga y cierto descuido por las medidas impuestas en oto\u00f1o. Intentar cumplir con cualquier acci\u00f3n que no sea habitual es siempre un desaf\u00edo.<\/p>\n<p>&#8230; La <strong>incertidumbre<\/strong> acumulada d\u00eda a d\u00eda genera cansancio, pena, frustraci\u00f3n, des\u00e1nimo, etc y, lo que es peor, <strong>desconfianza<\/strong> hacia lo que proponen las autoridades.<\/p>\n<p>Seg\u00fan una encuesta del Centro de Investigaciones Sociol\u00f3gicas (CIS) del pasado mes de octubre, a lo largo de esta crisis del coronavirus, la opini\u00f3n sobre algunas instituciones ha empeorado.<\/p>\n<p><strong>\u00bfC\u00f3mo afrontar esta nueva realidad en cuatro pasos?<\/strong><\/p>\n<p>En primer lugar, debemos ser muy conscientes de la necesidad de adaptarnos a cada situaci\u00f3n. No hacerlo nos lleva al bloqueo. Crear una nueva rutina puede ayudar a estabilizarnos. La gu\u00eda Bienestar psicol\u00f3gico en tiempos de la Covid-19, disponible en la web de la campa\u00f1a informativa Mente en equilibrio, propone algunas estrategias para ayudarte a manejar los pensamientos e identificarlos:<\/p>\n<ul>\n<li>Piensa e identifica lo que te pasa por la cabeza: lo que piensas influye en lo que sientes y en c\u00f3mo te comportas, por tanto, es importante identificar tus pensamientos. Puede ayudarte responder a cuestiones como: \u00bfQu\u00e9 pienso sobre la situaci\u00f3n que me hace sentir mal?;\u00bfhay algo que me inquiete y por qu\u00e9?; estos pensamientos, \u00bfme sirven para algo?<\/li>\n<li>Pon en duda tus pensamientos: muchas veces nos equivocamos a la hora de pensar, como cuando pensamos que algo va a suceder y al final no es as\u00ed. Son pensamientos err\u00f3neos que pueden producir malestar. Es importante preguntarte si eso que est\u00e1s pensando es una verdad absoluta o puede haber otras explicaciones. Por ejemplo, nos resfriamos y pensamos que tenemos Covid-19. Puede ser que el pensamiento nos lleve a lo peor, y esto nos genera mucha angustia.<\/li>\n<li>Busca una frase optimista: afrontar situaciones como las que nos trae la pandemia puede ser complicado. Tomarte las cosas de la mejor manera que puedas, con frases que te ayuden a hacer m\u00e1s llevadera una situaci\u00f3n concreta (\u00abvenga, tranquil\u00edzate\u00bb, \u00abt\u00fa puedes\u00bb, etc.).<\/li>\n<li>No pienses en el futuro: centrarnos en peque\u00f1as cosas y concentrarnos en el futuro m\u00e1s inmediato; es decir, qu\u00e9 haremos ma\u00f1ana o qu\u00e9 podemos hacer hoy que nos distraiga. Puede ser una forma \u00fatil de lidiar con la incertidumbre.<\/li>\n<\/ul>\n<p>&#8230;<\/p><\/blockquote>\n<p><strong><a href=\"https:\/\/www.eldiario.es\/consumoclaro\/cuidarse\/fatiga-pandemica-manifiesta-tratarla_1_6453953.html\" target=\"_blank\" rel=\"noopener noreferrer\">El art\u00edculo completo<\/a><\/strong><\/p>\n<p><img loading=\"lazy\" decoding=\"async\" class=\"aligncenter size-medium wp-image-158\" src=\"https:\/\/blogsaverroes.juntadeandalucia.es\/vidassaludables\/files\/2020\/11\/WhatsApp-Image-2020-03-25-at-16.39.28-593x700.jpeg\" alt=\"\" width=\"593\" height=\"700\" srcset=\"https:\/\/blogsaverroes.juntadeandalucia.es\/vidassaludables\/files\/2020\/11\/WhatsApp-Image-2020-03-25-at-16.39.28-593x700.jpeg 593w, https:\/\/blogsaverroes.juntadeandalucia.es\/vidassaludables\/files\/2020\/11\/WhatsApp-Image-2020-03-25-at-16.39.28-768x907.jpeg 768w, https:\/\/blogsaverroes.juntadeandalucia.es\/vidassaludables\/files\/2020\/11\/WhatsApp-Image-2020-03-25-at-16.39.28-20x24.jpeg 20w, https:\/\/blogsaverroes.juntadeandalucia.es\/vidassaludables\/files\/2020\/11\/WhatsApp-Image-2020-03-25-at-16.39.28-30x36.jpeg 30w, https:\/\/blogsaverroes.juntadeandalucia.es\/vidassaludables\/files\/2020\/11\/WhatsApp-Image-2020-03-25-at-16.39.28-41x48.jpeg 41w, https:\/\/blogsaverroes.juntadeandalucia.es\/vidassaludables\/files\/2020\/11\/WhatsApp-Image-2020-03-25-at-16.39.28.jpeg 800w\" sizes=\"(max-width: 593px) 100vw, 593px\" \/><\/p>\n","protected":false},"excerpt":{"rendered":"<p>Ayer mismo le\u00edamos en El Diario un peque\u00f1o art\u00edculo que resume ese concepto de fatiga pand\u00e9mica, de la que ya habr\u00e9is escuchado hablar, originada por la larga duraci\u00f3n del problema en el que andamos metidos. Aqu\u00ed se recogen&#46;&#46;&#46;<\/p>\n","protected":false},"author":10967,"featured_media":0,"comment_status":"open","ping_status":"open","sticky":false,"template":"","format":"standard","meta":{"ngg_post_thumbnail":0,"footnotes":""},"categories":[12,1,9],"tags":[],"aioseo_notices":[],"_links":{"self":[{"href":"https:\/\/blogsaverroes.juntadeandalucia.es\/vidassaludables\/wp-json\/wp\/v2\/posts\/117"}],"collection":[{"href":"https:\/\/blogsaverroes.juntadeandalucia.es\/vidassaludables\/wp-json\/wp\/v2\/posts"}],"about":[{"href":"https:\/\/blogsaverroes.juntadeandalucia.es\/vidassaludables\/wp-json\/wp\/v2\/types\/post"}],"author":[{"embeddable":true,"href":"https:\/\/blogsaverroes.juntadeandalucia.es\/vidassaludables\/wp-json\/wp\/v2\/users\/10967"}],"replies":[{"embeddable":true,"href":"https:\/\/blogsaverroes.juntadeandalucia.es\/vidassaludables\/wp-json\/wp\/v2\/comments?post=117"}],"version-history":[{"count":3,"href":"https:\/\/blogsaverroes.juntadeandalucia.es\/vidassaludables\/wp-json\/wp\/v2\/posts\/117\/revisions"}],"predecessor-version":[{"id":159,"href":"https:\/\/blogsaverroes.juntadeandalucia.es\/vidassaludables\/wp-json\/wp\/v2\/posts\/117\/revisions\/159"}],"wp:attachment":[{"href":"https:\/\/blogsaverroes.juntadeandalucia.es\/vidassaludables\/wp-json\/wp\/v2\/media?parent=117"}],"wp:term":[{"taxonomy":"category","embeddable":true,"href":"https:\/\/blogsaverroes.juntadeandalucia.es\/vidassaludables\/wp-json\/wp\/v2\/categories?post=117"},{"taxonomy":"post_tag","embeddable":true,"href":"https:\/\/blogsaverroes.juntadeandalucia.es\/vidassaludables\/wp-json\/wp\/v2\/tags?post=117"}],"curies":[{"name":"wp","href":"https:\/\/api.w.org\/{rel}","templated":true}]}}