{"id":246,"date":"2021-02-19T09:36:43","date_gmt":"2021-02-19T09:36:43","guid":{"rendered":"https:\/\/blogsaverroes.juntadeandalucia.es\/vidassaludables\/?p=246"},"modified":"2021-02-19T09:36:43","modified_gmt":"2021-02-19T09:36:43","slug":"resiliencia","status":"publish","type":"post","link":"https:\/\/blogsaverroes.juntadeandalucia.es\/vidassaludables\/2021\/02\/19\/resiliencia\/","title":{"rendered":"Resiliencia"},"content":{"rendered":"<p>As\u00ed nos la define la RAE: <strong>\u00abCapacidad de adaptaci\u00f3n de un ser vivo frente a un agente perturbador o un estado o situaci\u00f3n adversos.\u00bb <\/strong>Y si nos preguntamos c\u00f3mo podemos ejercerla en estos pand\u00e9micos tiempos, nos encontramos respuestas de todo tipo. Os destaco algunos ejemplos que nos pueden ayudar:<\/p>\n<ul>\n<li><a href=\"https:\/\/www.noticiasensalud.com\/psicologia\/2020\/12\/18\/como-podemos-ejercitar-nuestro-musculo-de-la-resiliencia-en-tiempos-de-pandemia\/\" target=\"_blank\" rel=\"noopener noreferrer\"><strong>\u00bfC\u00f3mo podemos ejercitar nuestro m\u00fasculo de la resiliencia en tiempos de pandemia?<\/strong><\/a>&nbsp; La psic\u00f3loga Cristina Centeno nos gu\u00eda en este art\u00edculo con una serie de pautas que seguramente encontrar\u00e9is interesantes.<\/li>\n<li><a href=\"https:\/\/www.cinteco.com\/resiliencia-en-adolescentes\/\" target=\"_blank\" rel=\"noopener noreferrer\"><strong>Resiliencia en adolescentes,<\/strong><\/a> no ofrece una serie de pautas sencillas y generales que nos pueden servir para todas las edades.<\/li>\n<li><a href=\"https:\/\/elpais.com\/elpais\/2018\/06\/14\/mamas_papas\/1528971103_795437.html\" target=\"_blank\" rel=\"noopener noreferrer\"><strong>12 pasos para desarrollar el apego seguro en ni\u00f1os, clave para criar hijos resilientes,<\/strong><\/a> un art\u00edculo previo a la pandemia de EP anterior a la pandemia.<\/li>\n<li><a href=\"https:\/\/www.nytimes.com\/es\/2017\/07\/31\/espanol\/resiliencia-edad-avanzada.html\" target=\"_blank\" rel=\"noopener noreferrer\"><strong>\u00bfC\u00f3mo ser un adulto resiliente?<\/strong><\/a> Tara Parker-Pole, desde el NYT, nos abunda en el mismo tema con algunas aportaciones interesantes.<\/li>\n<\/ul>\n<div id=\"attachment_247\" style=\"width: 710px\" class=\"wp-caption aligncenter\"><img loading=\"lazy\" decoding=\"async\" aria-describedby=\"caption-attachment-247\" class=\"wp-image-247 size-medium\" src=\"https:\/\/blogsaverroes.juntadeandalucia.es\/vidassaludables\/files\/2021\/02\/26ResilienceArt-700x467.jpeg\" alt=\"\" width=\"700\" height=\"467\" srcset=\"https:\/\/blogsaverroes.juntadeandalucia.es\/vidassaludables\/files\/2021\/02\/26ResilienceArt-700x467.jpeg 700w, https:\/\/blogsaverroes.juntadeandalucia.es\/vidassaludables\/files\/2021\/02\/26ResilienceArt-768x512.jpeg 768w, https:\/\/blogsaverroes.juntadeandalucia.es\/vidassaludables\/files\/2021\/02\/26ResilienceArt.jpeg 1000w\" sizes=\"(max-width: 700px) 100vw, 700px\" \/><p id=\"caption-attachment-247\" class=\"wp-caption-text\">Sarah Williamson<\/p><\/div>\n","protected":false},"excerpt":{"rendered":"<p>As\u00ed nos la define la RAE: \u00abCapacidad de adaptaci\u00f3n de un ser vivo frente a un agente perturbador o un estado o situaci\u00f3n adversos.\u00bb Y si nos preguntamos c\u00f3mo podemos ejercerla en estos pand\u00e9micos tiempos, nos encontramos respuestas&#46;&#46;&#46;<\/p>\n","protected":false},"author":10967,"featured_media":0,"comment_status":"open","ping_status":"open","sticky":false,"template":"","format":"standard","meta":{"ngg_post_thumbnail":0,"footnotes":""},"categories":[12],"tags":[],"aioseo_notices":[],"_links":{"self":[{"href":"https:\/\/blogsaverroes.juntadeandalucia.es\/vidassaludables\/wp-json\/wp\/v2\/posts\/246"}],"collection":[{"href":"https:\/\/blogsaverroes.juntadeandalucia.es\/vidassaludables\/wp-json\/wp\/v2\/posts"}],"about":[{"href":"https:\/\/blogsaverroes.juntadeandalucia.es\/vidassaludables\/wp-json\/wp\/v2\/types\/post"}],"author":[{"embeddable":true,"href":"https:\/\/blogsaverroes.juntadeandalucia.es\/vidassaludables\/wp-json\/wp\/v2\/users\/10967"}],"replies":[{"embeddable":true,"href":"https:\/\/blogsaverroes.juntadeandalucia.es\/vidassaludables\/wp-json\/wp\/v2\/comments?post=246"}],"version-history":[{"count":1,"href":"https:\/\/blogsaverroes.juntadeandalucia.es\/vidassaludables\/wp-json\/wp\/v2\/posts\/246\/revisions"}],"predecessor-version":[{"id":248,"href":"https:\/\/blogsaverroes.juntadeandalucia.es\/vidassaludables\/wp-json\/wp\/v2\/posts\/246\/revisions\/248"}],"wp:attachment":[{"href":"https:\/\/blogsaverroes.juntadeandalucia.es\/vidassaludables\/wp-json\/wp\/v2\/media?parent=246"}],"wp:term":[{"taxonomy":"category","embeddable":true,"href":"https:\/\/blogsaverroes.juntadeandalucia.es\/vidassaludables\/wp-json\/wp\/v2\/categories?post=246"},{"taxonomy":"post_tag","embeddable":true,"href":"https:\/\/blogsaverroes.juntadeandalucia.es\/vidassaludables\/wp-json\/wp\/v2\/tags?post=246"}],"curies":[{"name":"wp","href":"https:\/\/api.w.org\/{rel}","templated":true}]}}