{"id":345,"date":"2009-10-01T07:21:00","date_gmt":"2009-10-01T05:21:00","guid":{"rendered":"https:\/\/blogsaverroes.juntadeandalucia.es\/villadiegotecno\/2009\/10\/01\/mapa-conceptual-sobre-el-proyecto-tecnico\/"},"modified":"2009-10-01T07:21:00","modified_gmt":"2009-10-01T05:21:00","slug":"mapa-conceptual-sobre-el-proyecto-tecnico","status":"publish","type":"post","link":"https:\/\/blogsaverroes.juntadeandalucia.es\/villadiegotecno\/2009\/10\/01\/mapa-conceptual-sobre-el-proyecto-tecnico\/","title":{"rendered":"Mapa conceptual sobre el Proyecto T\u00e9cnico"},"content":{"rendered":"<p>Aqu\u00ed os dejo un mapa conceptual sobre el Proceso Tecnol\u00f3gico, que comprende dos grandes procedimientos: el an\u00e1lisis de objetos y el m\u00e9todo de proyectos.<br \/>Para aprovechar todos los recursos disponibles, haz click en la imagen y sigue los enlaces.<\/p>\n<p><a href=\"http:\/\/cmapspublic3.ihmc.us\/rid=1GLB729P0-3BT2RF-9S9\/proceso_tecnol%C3%B3gico.cmap\"><img decoding=\"async\" style=\"margin: 0px auto 10px;text-align: center;cursor: pointer;width: 645px;height: 354px\" src=\"http:\/\/4.bp.blogspot.com\/_Y5RkB-T1wO8\/SsPTZsN02ZI\/AAAAAAAADOA\/eq4CCrOpv7I\/s320\/proceso_tecnol%C3%B3gico.jpg\" alt=\"\" id=\"BLOGGER_PHOTO_ID_5387382017584585106\" border=\"0\" \/><\/a><\/p>\n","protected":false},"excerpt":{"rendered":"<p>Aqu\u00ed os dejo un mapa conceptual sobre el Proceso Tecnol\u00f3gico, que comprende dos grandes procedimientos: el an\u00e1lisis de objetos y el m\u00e9todo de proyectos.Para aprovechar todos los recursos disponibles, haz click en la imagen&#46;&#46;&#46;<\/p>\n","protected":false},"author":9628,"featured_media":0,"comment_status":"open","ping_status":"open","sticky":false,"template":"","format":"standard","meta":{"ngg_post_thumbnail":0,"footnotes":""},"categories":[64,5],"tags":[],"aioseo_notices":[],"_links":{"self":[{"href":"https:\/\/blogsaverroes.juntadeandalucia.es\/villadiegotecno\/wp-json\/wp\/v2\/posts\/345"}],"collection":[{"href":"https:\/\/blogsaverroes.juntadeandalucia.es\/villadiegotecno\/wp-json\/wp\/v2\/posts"}],"about":[{"href":"https:\/\/blogsaverroes.juntadeandalucia.es\/villadiegotecno\/wp-json\/wp\/v2\/types\/post"}],"author":[{"embeddable":true,"href":"https:\/\/blogsaverroes.juntadeandalucia.es\/villadiegotecno\/wp-json\/wp\/v2\/users\/9628"}],"replies":[{"embeddable":true,"href":"https:\/\/blogsaverroes.juntadeandalucia.es\/villadiegotecno\/wp-json\/wp\/v2\/comments?post=345"}],"version-history":[{"count":0,"href":"https:\/\/blogsaverroes.juntadeandalucia.es\/villadiegotecno\/wp-json\/wp\/v2\/posts\/345\/revisions"}],"wp:attachment":[{"href":"https:\/\/blogsaverroes.juntadeandalucia.es\/villadiegotecno\/wp-json\/wp\/v2\/media?parent=345"}],"wp:term":[{"taxonomy":"category","embeddable":true,"href":"https:\/\/blogsaverroes.juntadeandalucia.es\/villadiegotecno\/wp-json\/wp\/v2\/categories?post=345"},{"taxonomy":"post_tag","embeddable":true,"href":"https:\/\/blogsaverroes.juntadeandalucia.es\/villadiegotecno\/wp-json\/wp\/v2\/tags?post=345"}],"curies":[{"name":"wp","href":"https:\/\/api.w.org\/{rel}","templated":true}]}}