{"id":88,"date":"2016-02-24T12:03:00","date_gmt":"2016-02-24T11:03:00","guid":{"rendered":"https:\/\/blogsaverroes.juntadeandalucia.es\/villadiegotecno\/2016\/02\/24\/anteproyecto-del-ascensor\/"},"modified":"2016-02-24T12:03:00","modified_gmt":"2016-02-24T11:03:00","slug":"anteproyecto-del-ascensor","status":"publish","type":"post","link":"https:\/\/blogsaverroes.juntadeandalucia.es\/villadiegotecno\/2016\/02\/24\/anteproyecto-del-ascensor\/","title":{"rendered":"Anteproyecto del ascensor"},"content":{"rendered":"<div style=\"text-align: justify\"><span style=\"font-size: large\">\u00a1Enhorabuena, Arturo!<\/span><\/div>\n<div style=\"text-align: justify\"><span style=\"font-size: large\"><br \/><\/span><\/div>\n<div style=\"text-align: justify\"><span style=\"font-size: large\">Has realizado un trabajo estupendo con este anteproyecto para construir un ascensor, y aqu\u00ed lo dejamos para que tus compa\u00f1eros y compa\u00f1eras lo puedan consultar en sucesivos a\u00f1os&#8230;  <\/span><\/div>\n<div style=\"text-align: justify\"><span style=\"font-size: large\"><br \/><\/span><\/div>\n<div style=\"text-align: center\">\n<div style=\"margin: 8px 0px 4px\"><\/div>\n<p><iframe loading=\"lazy\" frameborder=\"0\" height=\"300\" scrolling=\"no\" src=\"\/\/v.calameo.com\/?bkcode=0000333656ef0aad36439&amp;mode=mini\" width=\"480\"><\/iframe><\/p>\n<div style=\"margin: 4px 0px 8px\"><\/div>\n<\/div>\n","protected":false},"excerpt":{"rendered":"<p>\u00a1Enhorabuena, Arturo! Has realizado un trabajo estupendo con este anteproyecto para construir un ascensor, y aqu\u00ed lo dejamos para que tus compa\u00f1eros y compa\u00f1eras lo puedan consultar en sucesivos a\u00f1os&#8230;<\/p>\n","protected":false},"author":9628,"featured_media":0,"comment_status":"open","ping_status":"open","sticky":false,"template":"","format":"standard","meta":{"ngg_post_thumbnail":0,"footnotes":""},"categories":[6,61,5],"tags":[],"aioseo_notices":[],"_links":{"self":[{"href":"https:\/\/blogsaverroes.juntadeandalucia.es\/villadiegotecno\/wp-json\/wp\/v2\/posts\/88"}],"collection":[{"href":"https:\/\/blogsaverroes.juntadeandalucia.es\/villadiegotecno\/wp-json\/wp\/v2\/posts"}],"about":[{"href":"https:\/\/blogsaverroes.juntadeandalucia.es\/villadiegotecno\/wp-json\/wp\/v2\/types\/post"}],"author":[{"embeddable":true,"href":"https:\/\/blogsaverroes.juntadeandalucia.es\/villadiegotecno\/wp-json\/wp\/v2\/users\/9628"}],"replies":[{"embeddable":true,"href":"https:\/\/blogsaverroes.juntadeandalucia.es\/villadiegotecno\/wp-json\/wp\/v2\/comments?post=88"}],"version-history":[{"count":0,"href":"https:\/\/blogsaverroes.juntadeandalucia.es\/villadiegotecno\/wp-json\/wp\/v2\/posts\/88\/revisions"}],"wp:attachment":[{"href":"https:\/\/blogsaverroes.juntadeandalucia.es\/villadiegotecno\/wp-json\/wp\/v2\/media?parent=88"}],"wp:term":[{"taxonomy":"category","embeddable":true,"href":"https:\/\/blogsaverroes.juntadeandalucia.es\/villadiegotecno\/wp-json\/wp\/v2\/categories?post=88"},{"taxonomy":"post_tag","embeddable":true,"href":"https:\/\/blogsaverroes.juntadeandalucia.es\/villadiegotecno\/wp-json\/wp\/v2\/tags?post=88"}],"curies":[{"name":"wp","href":"https:\/\/api.w.org\/{rel}","templated":true}]}}