{"id":45,"date":"2019-01-29T09:48:42","date_gmt":"2019-01-29T09:48:42","guid":{"rendered":"https:\/\/blogsaverroes.juntadeandalucia.es\/violacazorla\/?p=45"},"modified":"2019-02-02T13:26:44","modified_gmt":"2019-02-02T13:26:44","slug":"arrancamos","status":"publish","type":"post","link":"https:\/\/blogsaverroes.juntadeandalucia.es\/violacazorla\/2019\/01\/29\/arrancamos\/","title":{"rendered":"Arrancamos&#8230;"},"content":{"rendered":"<p><img loading=\"lazy\" decoding=\"async\" class=\"alignnone size-medium wp-image-48 aligncenter\" src=\"https:\/\/blogsaverroes.juntadeandalucia.es\/violacazorla\/files\/2019\/01\/bienvenidos-300x254.jpg\" alt=\"\" width=\"300\" height=\"254\" srcset=\"https:\/\/blogsaverroes.juntadeandalucia.es\/violacazorla\/files\/2019\/01\/bienvenidos-300x254.jpg 300w, https:\/\/blogsaverroes.juntadeandalucia.es\/violacazorla\/files\/2019\/01\/bienvenidos-24x20.jpg 24w, https:\/\/blogsaverroes.juntadeandalucia.es\/violacazorla\/files\/2019\/01\/bienvenidos-36x30.jpg 36w, https:\/\/blogsaverroes.juntadeandalucia.es\/violacazorla\/files\/2019\/01\/bienvenidos-48x41.jpg 48w, https:\/\/blogsaverroes.juntadeandalucia.es\/violacazorla\/files\/2019\/01\/bienvenidos.jpg 400w\" sizes=\"(max-width: 300px) 100vw, 300px\" \/><\/p>\n<p>Bienvenid@s a tod@s a Clase de Viola 2.0, mi primer blog para el Aula de Viola del C.E.M \u00abMaestro Paterna\u00bb de Cazorla<\/p>\n<p>Aqu\u00ed intentar\u00e9 organizar y compartir material para clase as\u00ed como videos, archivos multimedia, enlaces, etc, a trav\u00e9s de los cuales podamos tener m\u00e1s informaci\u00f3n y avanzar de un modo m\u00e1s din\u00e1mico.<\/p>\n<p>Parte de la inspiraci\u00f3n a la hora de iniciar este proyecto ha venido de 2 blogs que he estado leyendo:<\/p>\n<ol>\n<li><a href=\"https:\/\/www.mariajesusmusica.com\/#\">Clase de M\u00fasica 2.0<\/a><\/li>\n<li><a href=\"http:\/\/marianaflauta.com\/\">Cuando Pitos Flautas<\/a><\/li>\n<\/ol>\n<p>En el primer caso, <a href=\"https:\/\/www.mariajesusmusica.com\/\">Clase de M\u00fasica 2.0<\/a> Mar\u00eda Jes\u00fas Camino Renter\u00eda realiza un trabajo ejemplar subiendo con gran frecuencia gran cantidad de entradas con ejercicios, partituras, videos, con los que podamos tener desde casa mucho m\u00e1s material con el que preparar nuestras clases de Lenguaje musical; tanto alumn@s como padres\/madres y resto de compa\u00f1eros del gremio. Todo esto de una forma muy organizada y adem\u00e1s con soporte desde redes sociales como Facebook o Twitter, con lo que dicha tarea se presentar\u00e1 de una forma mucho m\u00e1s atractiva para nuestro@s alumn@s.&nbsp;<\/p>\n<p>Destacar la siguiente entrada:<\/p>\n<p><a href=\"https:\/\/www.mariajesusmusica.com\/inicio\/navidad-codificada-5-ideas-para-clase\">La Navidad codificada<\/a><\/p>\n<p>Se trata de un \u00e1rbol de Navidad en el que los adornos son c\u00f3digos QR que los propios alumn@s tendr\u00e1n que elaborar con tradiciones de sus propias familias que quieran compartir con el resto de la comunidad educativa.<\/p>\n<p>El segundo Blog, <a href=\"http:\/\/marianaflauta.com\/\">Cuando Pitos Flautas<\/a>, lo he descubierto realizando un curso sobre creaci\u00f3n de blogs de Averroes; me ha parecido muy interesante porque se trata de un Blog de una profesora de Flauta de Conservatorio que pretende ampliar la educaci\u00f3n que ofrece a sus alumn@s con la creaci\u00f3n de dicho blog.<\/p>\n<p>Una de las entradas que me han gustado es la que propone la creaci\u00f3n de un <a href=\"http:\/\/marianaflauta.com\/calendario-musical-2019-imprimeydisfruta\/#more-3640\">Calendario Musical<\/a>, una idea muy original a trav\u00e9s de la cual podremos ofrecer a nuestr@s alumn@s actividades no s\u00f3lo instrumentales, sino tambi\u00e9n otras motivadoras y creativas.<\/p>\n<p>Despu\u00e9s de haberos hablado de estos dos Blogs educativos, me gustar\u00eda establecer el proyecto de trabajo que pretendo desarrollar a trav\u00e9s de la creaci\u00f3n de mi propio Blog:<\/p>\n<ul id=\"yui_3_17_2_1_1548751830540_76\">\n<li>\n<p align=\"justify\">\u00bfqu\u00e9 pretendo que me aporte al d\u00eda a d\u00eda?<\/p>\n<\/li>\n<\/ul>\n<p style=\"padding-left: 30px\">Una herramienta did\u00e1ctica e ilusionante para padres\/madres y alumn@s que facilite y mejore su progresi\u00f3n. Compartiendo videos y audios de las piezas que estemos interpretando en clase, ideas para organizar el tiempo de estudio en casa, videos y fotos de las diferentes actividades realizadas en el aula y Centro; adem\u00e1s de convertirlo en un medio de interacci\u00f3n gracias a las redes sociales asociadas.<\/p>\n<ul id=\"yui_3_17_2_1_1548751830540_76\">\n<li>\n<p align=\"justify\">\u00bfcu\u00e1l es mi p\u00fablico?<\/p>\n<\/li>\n<\/ul>\n<p style=\"padding-left: 30px\">El p\u00fablico en principio ser\u00e1 los propios alumn@s de la clase de Viola y sus tutores, pero se abrir\u00e1 el contenido al resto de compa\u00f1eros del conservatorio as\u00ed como cualquier persona que desee hacer uso de la informaci\u00f3n alojada en el blog.<\/p>\n<ul id=\"yui_3_17_2_1_1548751830540_76\">\n<li>\n<p align=\"justify\">\u00bfcon qu\u00e9 frecuencia pretendo publicar?<\/p>\n<\/li>\n<\/ul>\n<p style=\"padding-left: 30px\">En principio la idea ser\u00eda publicar semanalmente y dependiendo del feedback que se generase, mantenerlo o en cualquier caso no publicar menos de una entrada mensual.<\/p>\n<ul id=\"yui_3_17_2_1_1548751830540_76\">\n<li>\n<p align=\"justify\">personas que podr\u00edan colaborar elaborar los contenidos y dinamizar el blog si quisi\u00e9ramos hacerlo colaborativo<\/p>\n<\/li>\n<\/ul>\n<p style=\"padding-left: 30px\">Me encantar\u00eda que el resto de compa\u00f1eros del departamento de cuerda frotada pudiesen aportar iniciativas al blog, y en tal caso, se podr\u00eda cambiar el t\u00edtulo por Clase de Cuerda frotada 2.0, o 4cuerdas; siempre y cuando todo el mundo estuviese implicado.<\/p>\n<ul id=\"yui_3_17_2_1_1548751830540_76\">\n<li>\n<p align=\"justify\">tem\u00e1ticas a tratar<\/p>\n<\/li>\n<\/ul>\n<p style=\"padding-left: 30px\">La tem\u00e1tica obviamente ser\u00eda musical, relacionada con la pr\u00e1ctica instrumental de la viola as\u00ed como de aspectos relacionados con el lenguaje musical y la m\u00fasica en general.<\/p>\n<p>Por \u00faltimo, en esta primera entrada, me gustar\u00eda hablar de 2 webs de centros:<\/p>\n<p>La primera se trata del propio blog de nuestro Conservatorio (<a href=\"http:\/\/www.conservatoriocazorla.blogspot.com\">www.conservatoriocazorla.blogspot.com<\/a>), el cual. a pesar de estar un tanto desactualizado, esperamos que vuelva a revivir con la ayuda de toda la comunidad educativa de nuestro centro y las propuestas de la misma. Me parece que es una herramienta imprescindible para que padres\/madres, alumn@s y profesor@s puedan estar al d\u00eda de lo que se realiza en el centro adem\u00e1s de alojar en \u00e9l toda la informaci\u00f3n acad\u00e9mica y burocr\u00e1tica necesaria para iniciar los estudios musicales. Destacar los enlaces que nos redireccionan a las diferentes revistas creadas desde el Centro.<\/p>\n<p>La segunda web de la que me gustar\u00eda hablar, es la que he descubierto recientemente, se trata de la web del Conservatorio profesional de C\u00f3rdoba (<a href=\"http:\/\/cpmcordoba.com\/\">http:\/\/cpmcordoba.com<\/a>\/), la cual me ha gustado mucho puesto que es en s\u00ed un buen referente a seguir para nuestra propia web. Obviamente salvando las distancias evidentes entre un centro de ense\u00f1anzas b\u00e1sicas como el nuestro y uno de profesionales como el de C\u00f3rdoba, pero el contenido y su organizaci\u00f3n me parece excelente y referencia para la creaci\u00f3n de nuestra propia web.<\/p>\n<p>Seguiremos informado familia. Saludos!<\/p>\n","protected":false},"excerpt":{"rendered":"<p>Bienvenid@s a tod@s a Clase de Viola 2.0, mi primer blog para el Aula de Viola del C.E.M \u00abMaestro Paterna\u00bb de Cazorla Aqu\u00ed intentar\u00e9 organizar y compartir material para clase as\u00ed como&#46;&#46;&#46;<\/p>\n","protected":false},"author":6959,"featured_media":48,"comment_status":"open","ping_status":"open","sticky":false,"template":"","format":"standard","meta":{"ngg_post_thumbnail":0,"footnotes":""},"categories":[1541,1682293],"tags":[6],"aioseo_notices":[],"_links":{"self":[{"href":"https:\/\/blogsaverroes.juntadeandalucia.es\/violacazorla\/wp-json\/wp\/v2\/posts\/45"}],"collection":[{"href":"https:\/\/blogsaverroes.juntadeandalucia.es\/violacazorla\/wp-json\/wp\/v2\/posts"}],"about":[{"href":"https:\/\/blogsaverroes.juntadeandalucia.es\/violacazorla\/wp-json\/wp\/v2\/types\/post"}],"author":[{"embeddable":true,"href":"https:\/\/blogsaverroes.juntadeandalucia.es\/violacazorla\/wp-json\/wp\/v2\/users\/6959"}],"replies":[{"embeddable":true,"href":"https:\/\/blogsaverroes.juntadeandalucia.es\/violacazorla\/wp-json\/wp\/v2\/comments?post=45"}],"version-history":[{"count":3,"href":"https:\/\/blogsaverroes.juntadeandalucia.es\/violacazorla\/wp-json\/wp\/v2\/posts\/45\/revisions"}],"predecessor-version":[{"id":49,"href":"https:\/\/blogsaverroes.juntadeandalucia.es\/violacazorla\/wp-json\/wp\/v2\/posts\/45\/revisions\/49"}],"wp:featuredmedia":[{"embeddable":true,"href":"https:\/\/blogsaverroes.juntadeandalucia.es\/violacazorla\/wp-json\/wp\/v2\/media\/48"}],"wp:attachment":[{"href":"https:\/\/blogsaverroes.juntadeandalucia.es\/violacazorla\/wp-json\/wp\/v2\/media?parent=45"}],"wp:term":[{"taxonomy":"category","embeddable":true,"href":"https:\/\/blogsaverroes.juntadeandalucia.es\/violacazorla\/wp-json\/wp\/v2\/categories?post=45"},{"taxonomy":"post_tag","embeddable":true,"href":"https:\/\/blogsaverroes.juntadeandalucia.es\/violacazorla\/wp-json\/wp\/v2\/tags?post=45"}],"curies":[{"name":"wp","href":"https:\/\/api.w.org\/{rel}","templated":true}]}}