{"id":1668,"date":"2023-02-17T18:10:39","date_gmt":"2023-02-17T17:10:39","guid":{"rendered":"https:\/\/blogsaverroes.juntadeandalucia.es\/virgendelacabeza\/?p=1668"},"modified":"2023-02-17T18:10:39","modified_gmt":"2023-02-17T17:10:39","slug":"cuidar-y-mejorar-nuestro-entorno","status":"publish","type":"post","link":"https:\/\/blogsaverroes.juntadeandalucia.es\/virgendelacabeza\/cuidar-y-mejorar-nuestro-entorno\/","title":{"rendered":"CUIDAR Y MEJORAR NUESTRO ENTORNO"},"content":{"rendered":"<p>Desde el centro, queremos poner en valor los espacios naturales que tenemos a nuestro alrededor, hemos hecho varias actividades con los grupos, para trabajar sobre el respeto y el cuidado de nuestro entorno, nos hemos desplazado a diferentes lugares para recoger y limpiar la naturaleza y all\u00ed realizado asambleas para dar nuestra opini\u00f3n sobre como queremos encontrarnos el campo o el parque donde vamos a jugar. <\/p>\n<p>El grupo de tercer ciclo adem\u00e1s ha plantado en nuestro huerto unos rosales que sin duda van a embellecer mucho m\u00e1s nuestro patio. Aprovechamos tambi\u00e9n para dar las gracias al ayuntamiento de Beas que nos ha instalado los ba\u00f1os en el patio y el arenero, que por como llegan a casa los peques sabr\u00e9is que disfrutan mucho jugando en \u00e9l.<\/p>\n<p>El pr\u00f3ximo 24 de febrero celebraremos el Carnaval en el cole y \u00e9ste a\u00f1o estar\u00e1 inspirado en el &#8220;cambio clim\u00e1tico&#8221; para concienciar al alumnado de esta realidad medioambiental. Para ello utilizaremos materiales que tengamos en casa, reciclados, reutilizados y as\u00ed evitar comprarlos ya hechos. Los disfraces para cada uno de los cursos son:<br \/>\n&#8211; Infantil: animales en peligro de extinci\u00f3n.<br \/>\n&#8211; 1\u00b0: reciclaje: Plastichin, Cartunez y Vidriolo.<br \/>\n&#8211; 2\u00b0: denuncia sobre la contaminaci\u00f3n de mares y r\u00edos.<br \/>\n&#8211; 3\u00b0 y 4\u00b0: contaminaci\u00f3n del aire, bosques y naturaleza en general.<br \/>\n&#8211; 5\u00b0 y 6\u00b0: energ\u00edas renovables. <\/p>\nngg_shortcode_0_placeholder\n","protected":false},"excerpt":{"rendered":"<p>Desde el centro, queremos poner en valor los espacios naturales que tenemos a nuestro alrededor, hemos hecho varias actividades con los grupos, para trabajar sobre el respeto y el cuidado de nuestro entorno, nos hemos desplazado a diferentes lugares para recoger y limpiar la naturaleza y all\u00ed realizado asambleas para dar nuestra opini\u00f3n sobre como [&hellip;]<\/p>\n","protected":false},"author":15574,"featured_media":1723,"comment_status":"closed","ping_status":"open","sticky":false,"template":"","format":"standard","meta":{"_et_pb_use_builder":"","_et_pb_old_content":"","_et_gb_content_width":"","ngg_post_thumbnail":0,"footnotes":""},"categories":[1],"tags":[],"aioseo_notices":[],"_links":{"self":[{"href":"https:\/\/blogsaverroes.juntadeandalucia.es\/virgendelacabeza\/wp-json\/wp\/v2\/posts\/1668"}],"collection":[{"href":"https:\/\/blogsaverroes.juntadeandalucia.es\/virgendelacabeza\/wp-json\/wp\/v2\/posts"}],"about":[{"href":"https:\/\/blogsaverroes.juntadeandalucia.es\/virgendelacabeza\/wp-json\/wp\/v2\/types\/post"}],"author":[{"embeddable":true,"href":"https:\/\/blogsaverroes.juntadeandalucia.es\/virgendelacabeza\/wp-json\/wp\/v2\/users\/15574"}],"replies":[{"embeddable":true,"href":"https:\/\/blogsaverroes.juntadeandalucia.es\/virgendelacabeza\/wp-json\/wp\/v2\/comments?post=1668"}],"version-history":[{"count":3,"href":"https:\/\/blogsaverroes.juntadeandalucia.es\/virgendelacabeza\/wp-json\/wp\/v2\/posts\/1668\/revisions"}],"predecessor-version":[{"id":1724,"href":"https:\/\/blogsaverroes.juntadeandalucia.es\/virgendelacabeza\/wp-json\/wp\/v2\/posts\/1668\/revisions\/1724"}],"wp:featuredmedia":[{"embeddable":true,"href":"https:\/\/blogsaverroes.juntadeandalucia.es\/virgendelacabeza\/wp-json\/wp\/v2\/media\/1723"}],"wp:attachment":[{"href":"https:\/\/blogsaverroes.juntadeandalucia.es\/virgendelacabeza\/wp-json\/wp\/v2\/media?parent=1668"}],"wp:term":[{"taxonomy":"category","embeddable":true,"href":"https:\/\/blogsaverroes.juntadeandalucia.es\/virgendelacabeza\/wp-json\/wp\/v2\/categories?post=1668"},{"taxonomy":"post_tag","embeddable":true,"href":"https:\/\/blogsaverroes.juntadeandalucia.es\/virgendelacabeza\/wp-json\/wp\/v2\/tags?post=1668"}],"curies":[{"name":"wp","href":"https:\/\/api.w.org\/{rel}","templated":true}]}}