{"id":2318,"date":"2023-06-28T09:48:21","date_gmt":"2023-06-28T08:48:21","guid":{"rendered":"https:\/\/blogsaverroes.juntadeandalucia.es\/virgendelacabeza\/?p=2318"},"modified":"2023-06-28T09:56:20","modified_gmt":"2023-06-28T08:56:20","slug":"graduacion-de-infantil-y-sexto","status":"publish","type":"post","link":"https:\/\/blogsaverroes.juntadeandalucia.es\/virgendelacabeza\/graduacion-de-infantil-y-sexto\/","title":{"rendered":"GRADUACI\u00d3N DE INFANTIL Y SEXTO"},"content":{"rendered":"<p>Con penita porque despedimos a los mayores del cole y alegr\u00eda por ver crecer a los peque\u00f1ines de 5 a\u00f1os, se ha celebrado la graduaci\u00f3n en el cole. Os deseamos lo mejor, fue un acto muy emotivo preparado con mucho cari\u00f1o para que los alumnos\/as se despidieran de sus compa\u00f1eros\/as en el que ha sido su cole desde hace tantos a\u00f1os, os dejamos la galer\u00eda con las fotos que se hicieron ese d\u00eda para que pod\u00e1is verlas y descargarlas.<\/p>\n<p>Gracias a las tutoras de 5 a\u00f1os, la se\u00f1o Mireia y la tutora de sexto Eulalia por preparar la graduaci\u00f3n y gracias a las familias y AMPA que han colaborado.<\/p>\nngg_shortcode_0_placeholder\n","protected":false},"excerpt":{"rendered":"<p>Con penita porque despedimos a los mayores del cole y alegr\u00eda por ver crecer a los peque\u00f1ines de 5 a\u00f1os, se ha celebrado la graduaci\u00f3n en el cole. Os deseamos lo mejor, fue un acto muy emotivo preparado con mucho cari\u00f1o para que los alumnos\/as se despidieran de sus compa\u00f1eros\/as en el que ha sido [&hellip;]<\/p>\n","protected":false},"author":15574,"featured_media":2358,"comment_status":"closed","ping_status":"open","sticky":false,"template":"","format":"standard","meta":{"_et_pb_use_builder":"","_et_pb_old_content":"","_et_gb_content_width":"","ngg_post_thumbnail":0,"footnotes":""},"categories":[1],"tags":[],"aioseo_notices":[],"_links":{"self":[{"href":"https:\/\/blogsaverroes.juntadeandalucia.es\/virgendelacabeza\/wp-json\/wp\/v2\/posts\/2318"}],"collection":[{"href":"https:\/\/blogsaverroes.juntadeandalucia.es\/virgendelacabeza\/wp-json\/wp\/v2\/posts"}],"about":[{"href":"https:\/\/blogsaverroes.juntadeandalucia.es\/virgendelacabeza\/wp-json\/wp\/v2\/types\/post"}],"author":[{"embeddable":true,"href":"https:\/\/blogsaverroes.juntadeandalucia.es\/virgendelacabeza\/wp-json\/wp\/v2\/users\/15574"}],"replies":[{"embeddable":true,"href":"https:\/\/blogsaverroes.juntadeandalucia.es\/virgendelacabeza\/wp-json\/wp\/v2\/comments?post=2318"}],"version-history":[{"count":2,"href":"https:\/\/blogsaverroes.juntadeandalucia.es\/virgendelacabeza\/wp-json\/wp\/v2\/posts\/2318\/revisions"}],"predecessor-version":[{"id":2357,"href":"https:\/\/blogsaverroes.juntadeandalucia.es\/virgendelacabeza\/wp-json\/wp\/v2\/posts\/2318\/revisions\/2357"}],"wp:featuredmedia":[{"embeddable":true,"href":"https:\/\/blogsaverroes.juntadeandalucia.es\/virgendelacabeza\/wp-json\/wp\/v2\/media\/2358"}],"wp:attachment":[{"href":"https:\/\/blogsaverroes.juntadeandalucia.es\/virgendelacabeza\/wp-json\/wp\/v2\/media?parent=2318"}],"wp:term":[{"taxonomy":"category","embeddable":true,"href":"https:\/\/blogsaverroes.juntadeandalucia.es\/virgendelacabeza\/wp-json\/wp\/v2\/categories?post=2318"},{"taxonomy":"post_tag","embeddable":true,"href":"https:\/\/blogsaverroes.juntadeandalucia.es\/virgendelacabeza\/wp-json\/wp\/v2\/tags?post=2318"}],"curies":[{"name":"wp","href":"https:\/\/api.w.org\/{rel}","templated":true}]}}