{"id":217,"date":"2021-06-13T16:52:25","date_gmt":"2021-06-13T16:52:25","guid":{"rendered":"https:\/\/blogsaverroes.juntadeandalucia.es\/vivirlaescuela\/?p=217"},"modified":"2021-06-13T16:52:25","modified_gmt":"2021-06-13T16:52:25","slug":"despedimos-a-nuestros-practicos","status":"publish","type":"post","link":"https:\/\/blogsaverroes.juntadeandalucia.es\/vivirlaescuela\/2021\/06\/13\/despedimos-a-nuestros-practicos\/","title":{"rendered":"DESPEDIMOS A NUESTROS PR\u00c1CTICOS"},"content":{"rendered":"<p>\u00c9sta semana nos ha tocado despedir a nuestros pr\u00e1cticos. Durante el tiempo que han estado en nuestra clase, se han comportado como verdaderos maestros y maestras. Han estado ah\u00ed cada d\u00eda para ayudarnos en las actividades, para corregir y ayudar al profe cuando se equivocaba en algo o los necesitaba, nos han servido de apoyo log\u00edstico en nuestros proyectos y tareas, nos han preparado la tarea de los \u00e1ngulos, figuras planas y cuerpos geom\u00e9tricos&#8230; en fin, un mont\u00f3n de vivencias que hemos tenido con ellos. Y para terminar, una Gymkana para trabajar la seguridad vial. \u00a1Grandes maestros que ser\u00e1n en el futuro!.<\/p>\n<p>MUCHAS GRACIAS POR TODO.<\/p>\n<p><img loading=\"lazy\" decoding=\"async\" class=\"aligncenter wp-image-204 size-medium\" src=\"https:\/\/blogsaverroes.juntadeandalucia.es\/vivirlaescuela\/files\/2021\/06\/WhatsApp-Image-2021-06-13-at-18.37.11-1-300x225.jpeg\" alt=\"\" width=\"300\" height=\"225\" srcset=\"https:\/\/blogsaverroes.juntadeandalucia.es\/vivirlaescuela\/files\/2021\/06\/WhatsApp-Image-2021-06-13-at-18.37.11-1-300x225.jpeg 300w, https:\/\/blogsaverroes.juntadeandalucia.es\/vivirlaescuela\/files\/2021\/06\/WhatsApp-Image-2021-06-13-at-18.37.11-1-1024x768.jpeg 1024w, https:\/\/blogsaverroes.juntadeandalucia.es\/vivirlaescuela\/files\/2021\/06\/WhatsApp-Image-2021-06-13-at-18.37.11-1-768x576.jpeg 768w, https:\/\/blogsaverroes.juntadeandalucia.es\/vivirlaescuela\/files\/2021\/06\/WhatsApp-Image-2021-06-13-at-18.37.11-1-1536x1152.jpeg 1536w, https:\/\/blogsaverroes.juntadeandalucia.es\/vivirlaescuela\/files\/2021\/06\/WhatsApp-Image-2021-06-13-at-18.37.11-1.jpeg 1600w\" sizes=\"(max-width: 300px) 100vw, 300px\" \/><\/p>\n","protected":false},"excerpt":{"rendered":"<p>\u00c9sta semana nos ha tocado despedir a nuestros pr\u00e1cticos. Durante el tiempo que han estado en nuestra clase, se han comportado como verdaderos maestros y maestras. Han estado ah\u00ed cada d\u00eda para ayudarnos en&#46;&#46;&#46;<\/p>\n","protected":false},"author":6474,"featured_media":204,"comment_status":"open","ping_status":"open","sticky":false,"template":"","format":"standard","meta":{"ngg_post_thumbnail":0,"footnotes":""},"categories":[7],"tags":[21],"aioseo_notices":[],"_links":{"self":[{"href":"https:\/\/blogsaverroes.juntadeandalucia.es\/vivirlaescuela\/wp-json\/wp\/v2\/posts\/217"}],"collection":[{"href":"https:\/\/blogsaverroes.juntadeandalucia.es\/vivirlaescuela\/wp-json\/wp\/v2\/posts"}],"about":[{"href":"https:\/\/blogsaverroes.juntadeandalucia.es\/vivirlaescuela\/wp-json\/wp\/v2\/types\/post"}],"author":[{"embeddable":true,"href":"https:\/\/blogsaverroes.juntadeandalucia.es\/vivirlaescuela\/wp-json\/wp\/v2\/users\/6474"}],"replies":[{"embeddable":true,"href":"https:\/\/blogsaverroes.juntadeandalucia.es\/vivirlaescuela\/wp-json\/wp\/v2\/comments?post=217"}],"version-history":[{"count":1,"href":"https:\/\/blogsaverroes.juntadeandalucia.es\/vivirlaescuela\/wp-json\/wp\/v2\/posts\/217\/revisions"}],"predecessor-version":[{"id":218,"href":"https:\/\/blogsaverroes.juntadeandalucia.es\/vivirlaescuela\/wp-json\/wp\/v2\/posts\/217\/revisions\/218"}],"wp:featuredmedia":[{"embeddable":true,"href":"https:\/\/blogsaverroes.juntadeandalucia.es\/vivirlaescuela\/wp-json\/wp\/v2\/media\/204"}],"wp:attachment":[{"href":"https:\/\/blogsaverroes.juntadeandalucia.es\/vivirlaescuela\/wp-json\/wp\/v2\/media?parent=217"}],"wp:term":[{"taxonomy":"category","embeddable":true,"href":"https:\/\/blogsaverroes.juntadeandalucia.es\/vivirlaescuela\/wp-json\/wp\/v2\/categories?post=217"},{"taxonomy":"post_tag","embeddable":true,"href":"https:\/\/blogsaverroes.juntadeandalucia.es\/vivirlaescuela\/wp-json\/wp\/v2\/tags?post=217"}],"curies":[{"name":"wp","href":"https:\/\/api.w.org\/{rel}","templated":true}]}}