{"id":1774,"date":"2022-10-26T08:15:46","date_gmt":"2022-10-26T07:15:46","guid":{"rendered":"https:\/\/blogsaverroes.juntadeandalucia.es\/webcarabelas\/?p=1774"},"modified":"2022-10-26T21:16:19","modified_gmt":"2022-10-26T20:16:19","slug":"cheque-escolar-disponible","status":"publish","type":"post","link":"https:\/\/blogsaverroes.juntadeandalucia.es\/webcarabelas\/cheque-escolar-disponible\/","title":{"rendered":"Cheque escolar disponible"},"content":{"rendered":"<p><i>Abierto el plazo para solicitar el cheque escolar de 100\u20ac, del 26 de octubre al 9 de noviembre. Comprueba los requisitos y echa la solicitud a trav\u00e9s de la <a href=\"https:\/\/www.juntadeandalucia.es\/educacion\/secretariavirtual\/accesoTramite\/699\/\" target=\"_blank\" rel=\"noopener noreferrer\">Secretar\u00eda Virtual.<\/a> Toda la informaci\u00f3n en el siguiente enlace:&nbsp;<\/i><a href=\"https:\/\/www.juntadeandalucia.es\/educacion\/portals\/web\/prensa\/inicio\/-\/noticia\/detalle\/las-familias-podran-solicitar-el-cheque-escolar-de-100-euros-hasta-el-proximo-9-de-noviembre\" target=\"_blank\" rel=\"noopener noreferrer\" data-saferedirecturl=\"https:\/\/www.google.com\/url?q=https:\/\/portals.ced.junta-andalucia.es\/educacion\/portals\/web\/becas-y-ayudas\/ayudas\/cheque-escolar-2022-2023&amp;source=gmail&amp;ust=1666901032349000&amp;usg=AOvVaw1Y6UkTZthI9jn_eM-QpG5E\">Cheque escolar de Andaluc\u00eda 2022\/2023 &#8211; Consejer\u00eda de Desarrollo Educativo y Formaci\u00f3n Profesional (junta-andalucia.es)<\/a><\/p>\n<p><a href=\"https:\/\/blogsaverroes.juntadeandalucia.es\/webcarabelas\/files\/2022\/10\/cheque_escolar.png\" target=\"_blank\" rel=\"noopener noreferrer\"><img loading=\"lazy\" decoding=\"async\" class=\"wp-image-1773 aligncenter\" src=\"https:\/\/blogsaverroes.juntadeandalucia.es\/webcarabelas\/files\/2022\/10\/cheque_escolar-300x300.png\" alt=\"\" width=\"416\" height=\"416\" srcset=\"https:\/\/blogsaverroes.juntadeandalucia.es\/webcarabelas\/files\/2022\/10\/cheque_escolar-300x300.png 300w, https:\/\/blogsaverroes.juntadeandalucia.es\/webcarabelas\/files\/2022\/10\/cheque_escolar-1024x1024.png 1024w, https:\/\/blogsaverroes.juntadeandalucia.es\/webcarabelas\/files\/2022\/10\/cheque_escolar-150x150.png 150w, https:\/\/blogsaverroes.juntadeandalucia.es\/webcarabelas\/files\/2022\/10\/cheque_escolar-768x768.png 768w, https:\/\/blogsaverroes.juntadeandalucia.es\/webcarabelas\/files\/2022\/10\/cheque_escolar-80x80.png 80w, https:\/\/blogsaverroes.juntadeandalucia.es\/webcarabelas\/files\/2022\/10\/cheque_escolar-320x320.png 320w, https:\/\/blogsaverroes.juntadeandalucia.es\/webcarabelas\/files\/2022\/10\/cheque_escolar.png 1080w\" sizes=\"(max-width: 416px) 100vw, 416px\" \/><\/a><\/p>\n","protected":false},"excerpt":{"rendered":"<p>Abierto el plazo para solicitar el cheque escolar de 100\u20ac, del 26 de octubre al 9 de noviembre. Comprueba los requisitos y echa la solicitud a trav\u00e9s de la Secretar\u00eda Virtual. Toda la informaci\u00f3n&#46;&#46;&#46;<\/p>\n","protected":false},"author":12998,"featured_media":1772,"comment_status":"closed","ping_status":"open","sticky":false,"template":"","format":"standard","meta":{"ngg_post_thumbnail":0,"footnotes":""},"categories":[122,129,46],"tags":[],"aioseo_notices":[],"_links":{"self":[{"href":"https:\/\/blogsaverroes.juntadeandalucia.es\/webcarabelas\/wp-json\/wp\/v2\/posts\/1774"}],"collection":[{"href":"https:\/\/blogsaverroes.juntadeandalucia.es\/webcarabelas\/wp-json\/wp\/v2\/posts"}],"about":[{"href":"https:\/\/blogsaverroes.juntadeandalucia.es\/webcarabelas\/wp-json\/wp\/v2\/types\/post"}],"author":[{"embeddable":true,"href":"https:\/\/blogsaverroes.juntadeandalucia.es\/webcarabelas\/wp-json\/wp\/v2\/users\/12998"}],"replies":[{"embeddable":true,"href":"https:\/\/blogsaverroes.juntadeandalucia.es\/webcarabelas\/wp-json\/wp\/v2\/comments?post=1774"}],"version-history":[{"count":1,"href":"https:\/\/blogsaverroes.juntadeandalucia.es\/webcarabelas\/wp-json\/wp\/v2\/posts\/1774\/revisions"}],"predecessor-version":[{"id":1776,"href":"https:\/\/blogsaverroes.juntadeandalucia.es\/webcarabelas\/wp-json\/wp\/v2\/posts\/1774\/revisions\/1776"}],"wp:featuredmedia":[{"embeddable":true,"href":"https:\/\/blogsaverroes.juntadeandalucia.es\/webcarabelas\/wp-json\/wp\/v2\/media\/1772"}],"wp:attachment":[{"href":"https:\/\/blogsaverroes.juntadeandalucia.es\/webcarabelas\/wp-json\/wp\/v2\/media?parent=1774"}],"wp:term":[{"taxonomy":"category","embeddable":true,"href":"https:\/\/blogsaverroes.juntadeandalucia.es\/webcarabelas\/wp-json\/wp\/v2\/categories?post=1774"},{"taxonomy":"post_tag","embeddable":true,"href":"https:\/\/blogsaverroes.juntadeandalucia.es\/webcarabelas\/wp-json\/wp\/v2\/tags?post=1774"}],"curies":[{"name":"wp","href":"https:\/\/api.w.org\/{rel}","templated":true}]}}