{"id":1896,"date":"2023-03-01T08:48:10","date_gmt":"2023-03-01T07:48:10","guid":{"rendered":"https:\/\/blogsaverroes.juntadeandalucia.es\/webcarabelas\/?p=1896"},"modified":"2023-03-01T08:52:47","modified_gmt":"2023-03-01T07:52:47","slug":"dia-de-andalucia","status":"publish","type":"post","link":"https:\/\/blogsaverroes.juntadeandalucia.es\/webcarabelas\/dia-de-andalucia\/","title":{"rendered":"D\u00eda de Andaluc\u00eda"},"content":{"rendered":"<p>El IES Carabelas se viste de blanco y verde para conmemorar el d\u00eda de nuestra maravillosa comunidad. Alumnado, familias y profesorado han participado en el desayuno andaluz.<\/p>\n<p>\u00a1Gracias a todos los que han hecho posible disfrutar de este d\u00eda!<\/p>\n<p><img loading=\"lazy\" decoding=\"async\" class=\"alignnone  wp-image-1900\" src=\"https:\/\/blogsaverroes.juntadeandalucia.es\/webcarabelas\/files\/2023\/03\/IMG-20230224-WA0023.jpg\" alt=\"\" width=\"1038\" height=\"778\" srcset=\"https:\/\/blogsaverroes.juntadeandalucia.es\/webcarabelas\/files\/2023\/03\/IMG-20230224-WA0023.jpg 2048w, https:\/\/blogsaverroes.juntadeandalucia.es\/webcarabelas\/files\/2023\/03\/IMG-20230224-WA0023-300x225.jpg 300w, https:\/\/blogsaverroes.juntadeandalucia.es\/webcarabelas\/files\/2023\/03\/IMG-20230224-WA0023-1024x768.jpg 1024w, https:\/\/blogsaverroes.juntadeandalucia.es\/webcarabelas\/files\/2023\/03\/IMG-20230224-WA0023-768x576.jpg 768w, https:\/\/blogsaverroes.juntadeandalucia.es\/webcarabelas\/files\/2023\/03\/IMG-20230224-WA0023-1536x1152.jpg 1536w\" sizes=\"(max-width: 1038px) 100vw, 1038px\" \/><\/p>\n<p><img loading=\"lazy\" decoding=\"async\" class=\"alignnone  wp-image-1897\" src=\"https:\/\/blogsaverroes.juntadeandalucia.es\/webcarabelas\/files\/2023\/03\/IMG-20230224-WA0015.jpg\" alt=\"\" width=\"1036\" height=\"777\" srcset=\"https:\/\/blogsaverroes.juntadeandalucia.es\/webcarabelas\/files\/2023\/03\/IMG-20230224-WA0015.jpg 2048w, https:\/\/blogsaverroes.juntadeandalucia.es\/webcarabelas\/files\/2023\/03\/IMG-20230224-WA0015-300x225.jpg 300w, https:\/\/blogsaverroes.juntadeandalucia.es\/webcarabelas\/files\/2023\/03\/IMG-20230224-WA0015-1024x768.jpg 1024w, https:\/\/blogsaverroes.juntadeandalucia.es\/webcarabelas\/files\/2023\/03\/IMG-20230224-WA0015-768x576.jpg 768w, https:\/\/blogsaverroes.juntadeandalucia.es\/webcarabelas\/files\/2023\/03\/IMG-20230224-WA0015-1536x1152.jpg 1536w\" sizes=\"(max-width: 1036px) 100vw, 1036px\" \/><\/p>\n<p><img loading=\"lazy\" decoding=\"async\" class=\"alignnone  wp-image-1907\" src=\"https:\/\/blogsaverroes.juntadeandalucia.es\/webcarabelas\/files\/2023\/03\/IMG-20230224-WA0026.jpg\" alt=\"\" width=\"1033\" height=\"775\" srcset=\"https:\/\/blogsaverroes.juntadeandalucia.es\/webcarabelas\/files\/2023\/03\/IMG-20230224-WA0026.jpg 1600w, https:\/\/blogsaverroes.juntadeandalucia.es\/webcarabelas\/files\/2023\/03\/IMG-20230224-WA0026-300x225.jpg 300w, https:\/\/blogsaverroes.juntadeandalucia.es\/webcarabelas\/files\/2023\/03\/IMG-20230224-WA0026-1024x768.jpg 1024w, https:\/\/blogsaverroes.juntadeandalucia.es\/webcarabelas\/files\/2023\/03\/IMG-20230224-WA0026-768x576.jpg 768w, https:\/\/blogsaverroes.juntadeandalucia.es\/webcarabelas\/files\/2023\/03\/IMG-20230224-WA0026-1536x1152.jpg 1536w\" sizes=\"(max-width: 1033px) 100vw, 1033px\" \/><\/p>\n<p><img loading=\"lazy\" decoding=\"async\" class=\"alignnone  wp-image-1903\" src=\"https:\/\/blogsaverroes.juntadeandalucia.es\/webcarabelas\/files\/2023\/03\/IMG-20230224-WA0035.jpg\" alt=\"\" width=\"1034\" height=\"581\" srcset=\"https:\/\/blogsaverroes.juntadeandalucia.es\/webcarabelas\/files\/2023\/03\/IMG-20230224-WA0035.jpg 1600w, https:\/\/blogsaverroes.juntadeandalucia.es\/webcarabelas\/files\/2023\/03\/IMG-20230224-WA0035-300x169.jpg 300w, https:\/\/blogsaverroes.juntadeandalucia.es\/webcarabelas\/files\/2023\/03\/IMG-20230224-WA0035-1024x575.jpg 1024w, https:\/\/blogsaverroes.juntadeandalucia.es\/webcarabelas\/files\/2023\/03\/IMG-20230224-WA0035-768x432.jpg 768w, https:\/\/blogsaverroes.juntadeandalucia.es\/webcarabelas\/files\/2023\/03\/IMG-20230224-WA0035-1536x863.jpg 1536w\" sizes=\"(max-width: 1034px) 100vw, 1034px\" \/><\/p>\n","protected":false},"excerpt":{"rendered":"<p>El IES Carabelas se viste de blanco y verde para conmemorar el d\u00eda de nuestra maravillosa comunidad. Alumnado, familias y profesorado han participado en el desayuno andaluz. \u00a1Gracias a todos los que han hecho&#46;&#46;&#46;<\/p>\n","protected":false},"author":16437,"featured_media":1908,"comment_status":"closed","ping_status":"open","sticky":false,"template":"","format":"standard","meta":{"ngg_post_thumbnail":0,"footnotes":""},"categories":[122,37],"tags":[],"aioseo_notices":[],"_links":{"self":[{"href":"https:\/\/blogsaverroes.juntadeandalucia.es\/webcarabelas\/wp-json\/wp\/v2\/posts\/1896"}],"collection":[{"href":"https:\/\/blogsaverroes.juntadeandalucia.es\/webcarabelas\/wp-json\/wp\/v2\/posts"}],"about":[{"href":"https:\/\/blogsaverroes.juntadeandalucia.es\/webcarabelas\/wp-json\/wp\/v2\/types\/post"}],"author":[{"embeddable":true,"href":"https:\/\/blogsaverroes.juntadeandalucia.es\/webcarabelas\/wp-json\/wp\/v2\/users\/16437"}],"replies":[{"embeddable":true,"href":"https:\/\/blogsaverroes.juntadeandalucia.es\/webcarabelas\/wp-json\/wp\/v2\/comments?post=1896"}],"version-history":[{"count":4,"href":"https:\/\/blogsaverroes.juntadeandalucia.es\/webcarabelas\/wp-json\/wp\/v2\/posts\/1896\/revisions"}],"predecessor-version":[{"id":1912,"href":"https:\/\/blogsaverroes.juntadeandalucia.es\/webcarabelas\/wp-json\/wp\/v2\/posts\/1896\/revisions\/1912"}],"wp:featuredmedia":[{"embeddable":true,"href":"https:\/\/blogsaverroes.juntadeandalucia.es\/webcarabelas\/wp-json\/wp\/v2\/media\/1908"}],"wp:attachment":[{"href":"https:\/\/blogsaverroes.juntadeandalucia.es\/webcarabelas\/wp-json\/wp\/v2\/media?parent=1896"}],"wp:term":[{"taxonomy":"category","embeddable":true,"href":"https:\/\/blogsaverroes.juntadeandalucia.es\/webcarabelas\/wp-json\/wp\/v2\/categories?post=1896"},{"taxonomy":"post_tag","embeddable":true,"href":"https:\/\/blogsaverroes.juntadeandalucia.es\/webcarabelas\/wp-json\/wp\/v2\/tags?post=1896"}],"curies":[{"name":"wp","href":"https:\/\/api.w.org\/{rel}","templated":true}]}}