{"id":4171,"date":"2023-11-15T19:58:01","date_gmt":"2023-11-15T19:58:01","guid":{"rendered":"https:\/\/blogsaverroes.juntadeandalucia.es\/webceperbarea\/?p=4171"},"modified":"2023-11-15T20:02:15","modified_gmt":"2023-11-15T20:02:15","slug":"dia-internacional-del-flamenco","status":"publish","type":"post","link":"https:\/\/blogsaverroes.juntadeandalucia.es\/webceperbarea\/dia-internacional-del-flamenco\/","title":{"rendered":"D\u00eda internacional del Flamenco"},"content":{"rendered":"<p>El C.E.PER BAREA, celebra con el alumnado el D\u00eda Internacional del Flamenco. No te pierdas las actividades que se trabajar\u00e1n con cada grupo.<\/p>\n<p><a href=\"https:\/\/blogsaverroes.juntadeandalucia.es\/webceperbarea\/files\/2023\/11\/P\u00f3ster-D\u00eda-mundial-del-flamenco-dibujo-bailaora-rojo-4.pdf\">P\u00f3ster D\u00eda mundial del flamenco dibujo bailaora rojo (4)<\/a><\/p>\n<p>&nbsp;<\/p>\n","protected":false},"excerpt":{"rendered":"<p>El C.E.PER BAREA, celebra con el alumnado el D\u00eda Internacional del Flamenco. No te pierdas las actividades que se trabajar\u00e1n con cada grupo. P\u00f3ster D\u00eda mundial del flamenco dibujo bailaora rojo (4) &nbsp;<\/p>\n","protected":false},"author":11406,"featured_media":4174,"comment_status":"open","ping_status":"open","sticky":false,"template":"","format":"standard","meta":{"ngg_post_thumbnail":0,"footnotes":""},"categories":[421161],"tags":[],"aioseo_notices":[],"_links":{"self":[{"href":"https:\/\/blogsaverroes.juntadeandalucia.es\/webceperbarea\/wp-json\/wp\/v2\/posts\/4171"}],"collection":[{"href":"https:\/\/blogsaverroes.juntadeandalucia.es\/webceperbarea\/wp-json\/wp\/v2\/posts"}],"about":[{"href":"https:\/\/blogsaverroes.juntadeandalucia.es\/webceperbarea\/wp-json\/wp\/v2\/types\/post"}],"author":[{"embeddable":true,"href":"https:\/\/blogsaverroes.juntadeandalucia.es\/webceperbarea\/wp-json\/wp\/v2\/users\/11406"}],"replies":[{"embeddable":true,"href":"https:\/\/blogsaverroes.juntadeandalucia.es\/webceperbarea\/wp-json\/wp\/v2\/comments?post=4171"}],"version-history":[{"count":1,"href":"https:\/\/blogsaverroes.juntadeandalucia.es\/webceperbarea\/wp-json\/wp\/v2\/posts\/4171\/revisions"}],"predecessor-version":[{"id":4175,"href":"https:\/\/blogsaverroes.juntadeandalucia.es\/webceperbarea\/wp-json\/wp\/v2\/posts\/4171\/revisions\/4175"}],"wp:featuredmedia":[{"embeddable":true,"href":"https:\/\/blogsaverroes.juntadeandalucia.es\/webceperbarea\/wp-json\/wp\/v2\/media\/4174"}],"wp:attachment":[{"href":"https:\/\/blogsaverroes.juntadeandalucia.es\/webceperbarea\/wp-json\/wp\/v2\/media?parent=4171"}],"wp:term":[{"taxonomy":"category","embeddable":true,"href":"https:\/\/blogsaverroes.juntadeandalucia.es\/webceperbarea\/wp-json\/wp\/v2\/categories?post=4171"},{"taxonomy":"post_tag","embeddable":true,"href":"https:\/\/blogsaverroes.juntadeandalucia.es\/webceperbarea\/wp-json\/wp\/v2\/tags?post=4171"}],"curies":[{"name":"wp","href":"https:\/\/api.w.org\/{rel}","templated":true}]}}