{"id":397,"date":"2019-12-10T16:15:28","date_gmt":"2019-12-10T15:15:28","guid":{"rendered":"https:\/\/blogsaverroes.juntadeandalucia.es\/webiesreyalabez\/?p=397"},"modified":"2019-12-10T16:15:28","modified_gmt":"2019-12-10T15:15:28","slug":"entrega-boletines-de-calificaciones-1o-evaluacion-2019-20","status":"publish","type":"post","link":"https:\/\/blogsaverroes.juntadeandalucia.es\/webiesreyalabez\/2019\/12\/10\/entrega-boletines-de-calificaciones-1o-evaluacion-2019-20\/","title":{"rendered":"Entrega Boletines de calificaciones 1\u00ba evaluaci\u00f3n 2019\/20"},"content":{"rendered":"<p>Estimadas familias:<br \/>\nEl jueves 19 de diciembre, de 17:00 a 19:00 horas, los tutores\/as de los grupos entregar\u00e1n, en el aula correspondiente,  los boletines de calificaciones correspondientes a la 1\u00aa Evaluaci\u00f3n del curso 2019\/20.<br \/>\nComo siempre, recordarles que ese d\u00eda se dedicar\u00e1 a la recogida exclusivamente de dichos boletines,por lo que se ruega brevedad,  pudiendo solicitar la tutor\u00eda en el horario establecido de atenci\u00f3n a padres y madres.<br \/>\nGracias por su colaboraci\u00f3n. <\/p>\n","protected":false},"excerpt":{"rendered":"<p>Estimadas familias: El jueves 19 de diciembre, de 17:00 a 19:00 horas, los tutores\/as de los grupos entregar\u00e1n, en el aula correspondiente, los boletines de calificaciones correspondientes a la 1\u00aa Evaluaci\u00f3n del curso 2019\/20.&#46;&#46;&#46;<\/p>\n","protected":false},"author":7604,"featured_media":0,"comment_status":"closed","ping_status":"open","sticky":false,"template":"","format":"standard","meta":{"ngg_post_thumbnail":0,"footnotes":""},"categories":[11909],"tags":[],"aioseo_notices":[],"_links":{"self":[{"href":"https:\/\/blogsaverroes.juntadeandalucia.es\/webiesreyalabez\/wp-json\/wp\/v2\/posts\/397"}],"collection":[{"href":"https:\/\/blogsaverroes.juntadeandalucia.es\/webiesreyalabez\/wp-json\/wp\/v2\/posts"}],"about":[{"href":"https:\/\/blogsaverroes.juntadeandalucia.es\/webiesreyalabez\/wp-json\/wp\/v2\/types\/post"}],"author":[{"embeddable":true,"href":"https:\/\/blogsaverroes.juntadeandalucia.es\/webiesreyalabez\/wp-json\/wp\/v2\/users\/7604"}],"replies":[{"embeddable":true,"href":"https:\/\/blogsaverroes.juntadeandalucia.es\/webiesreyalabez\/wp-json\/wp\/v2\/comments?post=397"}],"version-history":[{"count":1,"href":"https:\/\/blogsaverroes.juntadeandalucia.es\/webiesreyalabez\/wp-json\/wp\/v2\/posts\/397\/revisions"}],"predecessor-version":[{"id":398,"href":"https:\/\/blogsaverroes.juntadeandalucia.es\/webiesreyalabez\/wp-json\/wp\/v2\/posts\/397\/revisions\/398"}],"wp:attachment":[{"href":"https:\/\/blogsaverroes.juntadeandalucia.es\/webiesreyalabez\/wp-json\/wp\/v2\/media?parent=397"}],"wp:term":[{"taxonomy":"category","embeddable":true,"href":"https:\/\/blogsaverroes.juntadeandalucia.es\/webiesreyalabez\/wp-json\/wp\/v2\/categories?post=397"},{"taxonomy":"post_tag","embeddable":true,"href":"https:\/\/blogsaverroes.juntadeandalucia.es\/webiesreyalabez\/wp-json\/wp\/v2\/tags?post=397"}],"curies":[{"name":"wp","href":"https:\/\/api.w.org\/{rel}","templated":true}]}}