{"id":25,"date":"2019-09-09T18:36:00","date_gmt":"2019-09-09T16:36:00","guid":{"rendered":""},"modified":"2020-03-18T09:21:50","modified_gmt":"2020-03-18T08:21:50","slug":"bienvenidos","status":"publish","type":"post","link":"https:\/\/blogsaverroes.juntadeandalucia.es\/yolandadurcal\/bienvenidos\/","title":{"rendered":"BIENVENIDOS"},"content":{"rendered":"<div style=\"clear: both;text-align: center\">&nbsp;<\/div>\n<div style=\"margin-left: 1em;margin-right: 1em\">&nbsp;<\/div>\n<p><em><span style=\"color: black\"><span style=\"color: blue\"><span style=\"color: black;, serif;font-size: large\">Hola a&nbsp;<a href=\"mailto:tod@s\">tod@s<\/a>:<\/span><\/span><\/span><\/em><br \/>\n<span style=\", serif;font-size: large\"><br \/>\n<\/span><em><span style=\"color: black\"><span style=\"color: blue\"><span style=\"color: black;, serif;font-size: large\">Somos Yolanda la nueva maestra de vuestros&nbsp;<a href=\"mailto:hij@s\">hij@s<\/a>.<\/span><\/span><\/span><\/em><br \/>\n<span style=\", serif;font-size: large\"><br \/>\n<\/span><span style=\", serif;font-size: large\"><em><span style=\"color: black\"><span style=\"color: blue\"><span style=\"color: black\">A trav\u00e9s de esta p\u00e1gina ir\u00e9 mostrando distintos momentos de este curso y podr\u00e9is ir viendo, a trav\u00e9s de fotograf\u00edas o enlaces lo mucho que trabajamos y que nos divertimos en clase<\/span><span style=\"color: black\">.<\/span><\/span><\/span><\/em><\/span><\/p>\n<p><span style=\"color: blue\"><span style=\"color: black\">Tambi\u00e9n ir\u00e9 colgando trabajos hechos por los ni\u00f1os, as\u00ed como los recursos que use en clase, para que reforc\u00e9is en casa lo que van aprendiendo<\/span><\/span><em><span style=\"color: black\"><span style=\"color: blue\"><span style=\"color: black\">.<\/span><\/span><\/span><\/em><br \/>\n<span style=\", serif;font-size: large\"><em><span style=\"color: black\"><br \/>\n<\/span><\/em><em><span style=\"color: black\">Adem\u00e1s os proporcionar\u00e9 informaci\u00f3n sobre&nbsp;los contenidos que vamos a trabajar en clase&nbsp;para que pod\u00e1is reforzarlos&nbsp;en casa.<\/span><\/em><\/span><br \/>\n<span style=\", serif;font-size: large\"><br \/>\n<\/span><em><span style=\", serif;font-size: large\">Espero que os sea de utilidad y ve\u00e1is el blog como otro recurso m\u00e1s para la formaci\u00f3n de vuestros hijos.<\/span><\/em><\/p>\n<div style=\"clear: both;text-align: center\"><a style=\"margin-left: 1em;margin-right: 1em\" href=\"https:\/\/blogsaverroes.juntadeandalucia.es\/yolandadurcal\/files\/2019\/09\/bienvenidosPRIMERO.jpg\"><img decoding=\"async\" src=\"https:\/\/blogsaverroes.juntadeandalucia.es\/yolandadurcal\/files\/2019\/09\/bienvenidosPRIMERO-300x183.jpg\" alt=\"Resultado de imagen de bienvenidos a primero\" border=\"0\"><\/a><\/div>\n<p>&nbsp;<\/p>\n","protected":false},"excerpt":{"rendered":"<p>&nbsp; &nbsp; Hola a&nbsp;tod@s: Somos Yolanda la nueva maestra de vuestros&nbsp;hij@s. A trav\u00e9s de esta p\u00e1gina ir\u00e9 mostrando distintos momentos de este curso y podr\u00e9is ir viendo, a trav\u00e9s de fotograf\u00edas o enlaces lo&#46;&#46;&#46;<\/p>\n","protected":false},"author":8131,"featured_media":141,"comment_status":"closed","ping_status":"closed","sticky":false,"template":"","format":"standard","meta":{"ngg_post_thumbnail":0,"footnotes":""},"categories":[2182111],"tags":[],"aioseo_notices":[],"_links":{"self":[{"href":"https:\/\/blogsaverroes.juntadeandalucia.es\/yolandadurcal\/wp-json\/wp\/v2\/posts\/25"}],"collection":[{"href":"https:\/\/blogsaverroes.juntadeandalucia.es\/yolandadurcal\/wp-json\/wp\/v2\/posts"}],"about":[{"href":"https:\/\/blogsaverroes.juntadeandalucia.es\/yolandadurcal\/wp-json\/wp\/v2\/types\/post"}],"author":[{"embeddable":true,"href":"https:\/\/blogsaverroes.juntadeandalucia.es\/yolandadurcal\/wp-json\/wp\/v2\/users\/8131"}],"replies":[{"embeddable":true,"href":"https:\/\/blogsaverroes.juntadeandalucia.es\/yolandadurcal\/wp-json\/wp\/v2\/comments?post=25"}],"version-history":[{"count":3,"href":"https:\/\/blogsaverroes.juntadeandalucia.es\/yolandadurcal\/wp-json\/wp\/v2\/posts\/25\/revisions"}],"predecessor-version":[{"id":306,"href":"https:\/\/blogsaverroes.juntadeandalucia.es\/yolandadurcal\/wp-json\/wp\/v2\/posts\/25\/revisions\/306"}],"wp:featuredmedia":[{"embeddable":true,"href":"https:\/\/blogsaverroes.juntadeandalucia.es\/yolandadurcal\/wp-json\/wp\/v2\/media\/141"}],"wp:attachment":[{"href":"https:\/\/blogsaverroes.juntadeandalucia.es\/yolandadurcal\/wp-json\/wp\/v2\/media?parent=25"}],"wp:term":[{"taxonomy":"category","embeddable":true,"href":"https:\/\/blogsaverroes.juntadeandalucia.es\/yolandadurcal\/wp-json\/wp\/v2\/categories?post=25"},{"taxonomy":"post_tag","embeddable":true,"href":"https:\/\/blogsaverroes.juntadeandalucia.es\/yolandadurcal\/wp-json\/wp\/v2\/tags?post=25"}],"curies":[{"name":"wp","href":"https:\/\/api.w.org\/{rel}","templated":true}]}}