{"id":55,"date":"2017-04-25T17:12:00","date_gmt":"2017-04-25T15:12:00","guid":{"rendered":""},"modified":"2019-11-04T17:15:24","modified_gmt":"2019-11-04T16:15:24","slug":"dia-del-libro-2017","status":"publish","type":"post","link":"https:\/\/blogsaverroes.juntadeandalucia.es\/zubiteca\/2017\/04\/25\/dia-del-libro-2017\/","title":{"rendered":"D\u00eda del libro 2017"},"content":{"rendered":"<p>En el CEIP<span style=\"font-family: inherit\"> Miguel Zubeldia, celebramos el D\u00eda del Libro con diversas actividades:<\/span><\/p>\n<div style=\"clear: both;text-align: center\"><a href=\"https:\/\/blogsaverroes.juntadeandalucia.es\/zubiteca\/files\/2017\/04\/cartel-dia-libro-2017.jpg\" style=\"margin-left: 1em;margin-right: 1em\"><img loading=\"lazy\" decoding=\"async\" border=\"0\" height=\"286\" src=\"https:\/\/blogsaverroes.juntadeandalucia.es\/zubiteca\/files\/2017\/04\/cartel-dia-libro-2017-300x216.jpg\" width=\"400\" \/>&nbsp;<\/a><\/div>\n<div style=\"clear: both;text-align: left\"><!--[if gte mso 9]&gt;   Normal  0      21      false  false  false    ES                                                                      &lt;![endif]--><\/div>\n<div style=\"clear: both;text-align: left\"><!--[if gte mso 9]&gt;                                                                                                                                                                                                                                                                                                                                                                                                                                                                                                                                                                                                                                                                                                                                                                        &lt;![endif]--><!--[if gte mso 10]&gt;&lt;![endif]--><\/div>\n<ul>\n<li><span style=\"font-family: inherit\"><span style=\"line-height: 115%\">Cuentacuentos para todos los ciclos a cargo de Raquel L\u00f3pez.<\/span><\/span><\/li>\n<li><span style=\"font-family: inherit\"><span style=\"line-height: 115%\">I<\/span><span style=\"line-height: 115%\">nfantil y Primer Ciclo reelaboran cuentos, mezclan dos o m\u00e1s cambiando a los personajes de cuento. \u201cUna nueva casa para vivir\u201d.<\/span><\/span><\/li>\n<li><span style=\"font-family: inherit\"><span style=\"line-height: 115%\">2<\/span><span style=\"line-height: 115%\">\u00ba ciclo. Tertulia dial\u00f3gica sobre un cap\u00edtulo del libro \u201cLas aventuras de Tom Sanyer\u201d de Mark Wain.<\/span><\/span><\/li>\n<li><span style=\"font-family: inherit\"><span style=\"line-height: 115%\">3<\/span><span style=\"line-height: 115%\">\u00ba ciclo. Tertulia dial\u00f3gica sobre un cap\u00edtulo del libro \u201cLa caba\u00f1a del T\u00edo Tom\u201d.<\/span><\/span><\/li>\n<li><span style=\"font-family: inherit\"><span style=\"line-height: 115%\">P<\/span><span style=\"line-height: 115%\">ara madres\/padres y maestros, tertulia dial\u00f3gica sobre un cap\u00edtulo del libro \u201cCien a\u00f1os de soledad\u201d de Gabriel Garc\u00eda M\u00e1rquez.<\/span><\/span><\/li>\n<\/ul>\n","protected":false},"excerpt":{"rendered":"<p>En el CEIP Miguel Zubeldia, celebramos el D\u00eda del Libro con diversas actividades: &nbsp; Cuentacuentos para todos los ciclos a cargo de Raquel L\u00f3pez. Infantil y Primer Ciclo reelaboran cuentos, mezclan dos o m\u00e1s&#46;&#46;&#46;<\/p>\n","protected":false},"author":7539,"featured_media":105,"comment_status":"open","ping_status":"open","sticky":false,"template":"","format":"standard","meta":{"ngg_post_thumbnail":0,"footnotes":""},"categories":[32],"tags":[],"aioseo_notices":[],"_links":{"self":[{"href":"https:\/\/blogsaverroes.juntadeandalucia.es\/zubiteca\/wp-json\/wp\/v2\/posts\/55"}],"collection":[{"href":"https:\/\/blogsaverroes.juntadeandalucia.es\/zubiteca\/wp-json\/wp\/v2\/posts"}],"about":[{"href":"https:\/\/blogsaverroes.juntadeandalucia.es\/zubiteca\/wp-json\/wp\/v2\/types\/post"}],"author":[{"embeddable":true,"href":"https:\/\/blogsaverroes.juntadeandalucia.es\/zubiteca\/wp-json\/wp\/v2\/users\/7539"}],"replies":[{"embeddable":true,"href":"https:\/\/blogsaverroes.juntadeandalucia.es\/zubiteca\/wp-json\/wp\/v2\/comments?post=55"}],"version-history":[{"count":1,"href":"https:\/\/blogsaverroes.juntadeandalucia.es\/zubiteca\/wp-json\/wp\/v2\/posts\/55\/revisions"}],"predecessor-version":[{"id":106,"href":"https:\/\/blogsaverroes.juntadeandalucia.es\/zubiteca\/wp-json\/wp\/v2\/posts\/55\/revisions\/106"}],"wp:featuredmedia":[{"embeddable":true,"href":"https:\/\/blogsaverroes.juntadeandalucia.es\/zubiteca\/wp-json\/wp\/v2\/media\/105"}],"wp:attachment":[{"href":"https:\/\/blogsaverroes.juntadeandalucia.es\/zubiteca\/wp-json\/wp\/v2\/media?parent=55"}],"wp:term":[{"taxonomy":"category","embeddable":true,"href":"https:\/\/blogsaverroes.juntadeandalucia.es\/zubiteca\/wp-json\/wp\/v2\/categories?post=55"},{"taxonomy":"post_tag","embeddable":true,"href":"https:\/\/blogsaverroes.juntadeandalucia.es\/zubiteca\/wp-json\/wp\/v2\/tags?post=55"}],"curies":[{"name":"wp","href":"https:\/\/api.w.org\/{rel}","templated":true}]}}